{"id":29187,"date":"2018-06-27T10:41:44","date_gmt":"2018-06-27T13:41:44","guid":{"rendered":"https:\/\/www.actualidadadiario.com\/?p=29187"},"modified":"2018-11-06T19:43:04","modified_gmt":"2018-11-06T22:43:04","slug":"la-actividad-economica-cayo-09-en-abril-y-marca-el-inicio-de-la-recesion","status":"publish","type":"post","link":"https:\/\/www.actualidadadiario.com\/index.php\/2018\/06\/27\/la-actividad-economica-cayo-09-en-abril-y-marca-el-inicio-de-la-recesion\/","title":{"rendered":"La actividad econ\u00f3mica cay\u00f3 0,9% en abril y marca el inicio de la recesi\u00f3n"},"content":{"rendered":"<p><em><strong>Por la sequ\u00eda, la actividad agropecuaria se contrajo 30%, seg\u00fan el EMAE del Indec<\/strong><\/em><\/p>\n<p>&nbsp;<\/p>\n<p>&nbsp;<\/p>\n<p>&nbsp;<\/p>\n<p>La econom\u00eda descendi\u00f3 0,9% en abril respecto de igual mes del a\u00f1o anterior, la primera baja luego de trece meses de alza continua, como consecuencia de un fuerte descenso de la agricultura por la sequ\u00eda, inform\u00f3 ayer el INDEC. De esta manera, el nivel de actividad acumul\u00f3 un crecimiento del 2,4% en el primer cuatrimestre en relaci\u00f3n al mismo per\u00edodo de 2017, ya que en el primer trimestre la suba hab\u00eda sido del 3,6%. Respecto a marzo, el indicador mostr\u00f3 una baja abrupta del 2,7%, quebrando as\u00ed una racha de ocho meses seguidos con n\u00fameros positivos en la medici\u00f3n desestacionalizada.<\/p>\n<p>&nbsp;<\/p>\n<p>Por efecto de la sequ\u00eda, la agricultura, ganader\u00eda, caza y silvicultura cayeron 30,8%, con una incidencia sobre el nivel general de casi cuatro puntos, que no alcanz\u00f3 a ser compensada por la expansi\u00f3n que registraron la mayor\u00eda de las actividades relevadas por el ente estad\u00edstico.<\/p>\n<p>&nbsp;<\/p>\n<p>Es que la pesca y la construcci\u00f3n avanzaron m\u00e1s de 10% cada una, la intermediaci\u00f3n financiera un 9,4%, la explotaci\u00f3n de minas y canteras un 5,9%, el comercio mayorista y minorista 5,5% y las actividades inmobiliarias un 5%.<\/p>\n<p>&nbsp;<\/p>\n<p>En tanto, la industria manufacturera creci\u00f3 3,1% y el Transporte cay\u00f3 0,06%, afectado por la menor producci\u00f3n agropecuaria.<\/p>\n<p>&nbsp;<\/p>\n<p>&#8220;La recesi\u00f3n se va a sentir m\u00e1s de lleno en junio&#8221;, apunt\u00f3 en di\u00e1logo con BAE Negocios el economista de la UBA Ariel Coremberg. Por la devaluaci\u00f3n, los expertos vaticinan que en el segundo y el tercer trimestre la actividad se va a contraer.<\/p>\n<p>&nbsp;<\/p>\n<p>&#8220;La gran apuesta es cu\u00e1nto va a durar&#8221;, se pregunt\u00f3 Coremberg. En ese sentido, algunos analistas plantean que si la cosecha de trigo es buena podr\u00eda ayudar a remontar la econom\u00eda sobre fin de a\u00f1o.<\/p>\n<p>&nbsp;<\/p>\n<p>De acuerdo a un informe de la consultora ACM, se trata de la mayor baja desestacionalizada desde 2015. &#8220;No obstante, hay que tener en cuenta la posibilidad de una revisi\u00f3n posterior, ya que la serie desestacionalizada ha mostrado una elevada volatilidad en el pasado&#8221;, advierte el reporte de la firma.<\/p>\n<p>&nbsp;<\/p>\n<p>En el ministerio de Hacienda estimaron que si se excluye al agro, la actividad se hubiera incrementado un 3,3%. Voceros de la cartera conducida por Nicol\u00e1s Dujovne se\u00f1alaron que el producto est\u00e1 &#8220;en el m\u00e1ximo hist\u00f3rico de la serie&#8221; y que hay un buen desempe\u00f1o ya que el crecimiento est\u00e1 difundido en 12 de los 15 sectores relevados.<\/p>\n<p>&nbsp;<\/p>\n<p>El reporte de ACM puntualiza que &#8220;esperamos un freno en la actividad en los pr\u00f3ximos meses por la extensi\u00f3n del fen\u00f3meno de la sequ\u00eda, el impacto de la depreciaci\u00f3n del peso y los recortes del gasto p\u00fablico (espec\u00edficamente en obra p\u00fablica) para cumplir las metas fiscales&#8221;.<\/p>\n<p>&nbsp;<\/p>\n<p>Seg\u00fan Coremberg, a eso se le sumar\u00e1 el freno en los cr\u00e9ditos hipotecarios que tendr\u00e1 un efecto negativo sobre la construcci\u00f3n.<\/p>\n<p>&nbsp;<\/p>\n<p>&#8220;En este escenario, revisamos nuestras proyecciones de crecimiento en torno al 0,4% para 2018 con un segundo y tercer trimestre negativos en materia de crecimiento y una leve recuperaci\u00f3n en el cuarto&#8221;, pronostic\u00f3 ACM.<\/p>\n","protected":false},"excerpt":{"rendered":"<p>Por la sequ\u00eda, la actividad agropecuaria se contrajo 30%, seg\u00fan el EMAE del Indec &nbsp; &nbsp; &nbsp; La econom\u00eda descendi\u00f3 0,9% en abril respecto de igual mes del a\u00f1o anterior, la primera baja luego de trece meses de alza continua, como consecuencia de un fuerte descenso de la agricultura por la sequ\u00eda, inform\u00f3 ayer el INDEC. De esta manera, el nivel de actividad acumul\u00f3 un crecimiento del 2,4% en el primer cuatrimestre en relaci\u00f3n al mismo per\u00edodo de 2017, ya que en el primer trimestre la suba hab\u00eda sido del&#8230;<\/p>\n","protected":false},"author":3,"featured_media":29188,"comment_status":"closed","ping_status":"closed","sticky":false,"template":"","format":"standard","meta":[],"categories":[2],"tags":[],"_links":{"self":[{"href":"https:\/\/www.actualidadadiario.com\/index.php\/wp-json\/wp\/v2\/posts\/29187"}],"collection":[{"href":"https:\/\/www.actualidadadiario.com\/index.php\/wp-json\/wp\/v2\/posts"}],"about":[{"href":"https:\/\/www.actualidadadiario.com\/index.php\/wp-json\/wp\/v2\/types\/post"}],"author":[{"embeddable":true,"href":"https:\/\/www.actualidadadiario.com\/index.php\/wp-json\/wp\/v2\/users\/3"}],"replies":[{"embeddable":true,"href":"https:\/\/www.actualidadadiario.com\/index.php\/wp-json\/wp\/v2\/comments?post=29187"}],"version-history":[{"count":1,"href":"https:\/\/www.actualidadadiario.com\/index.php\/wp-json\/wp\/v2\/posts\/29187\/revisions"}],"predecessor-version":[{"id":29189,"href":"https:\/\/www.actualidadadiario.com\/index.php\/wp-json\/wp\/v2\/posts\/29187\/revisions\/29189"}],"wp:featuredmedia":[{"embeddable":true,"href":"https:\/\/www.actualidadadiario.com\/index.php\/wp-json\/wp\/v2\/media\/29188"}],"wp:attachment":[{"href":"https:\/\/www.actualidadadiario.com\/index.php\/wp-json\/wp\/v2\/media?parent=29187"}],"wp:term":[{"taxonomy":"category","embeddable":true,"href":"https:\/\/www.actualidadadiario.com\/index.php\/wp-json\/wp\/v2\/categories?post=29187"},{"taxonomy":"post_tag","embeddable":true,"href":"https:\/\/www.actualidadadiario.com\/index.php\/wp-json\/wp\/v2\/tags?post=29187"}],"curies":[{"name":"wp","href":"https:\/\/api.w.org\/{rel}","templated":true}]}}