{"id":29181,"date":"2018-06-27T10:40:17","date_gmt":"2018-06-27T13:40:17","guid":{"rendered":"https:\/\/www.actualidadadiario.com\/?p=29181"},"modified":"2018-11-06T19:43:04","modified_gmt":"2018-11-06T22:43:04","slug":"hay-mas-demanda-en-los-comedores-y-empezaron-a-aparecer-chicos-desnutridos","status":"publish","type":"post","link":"https:\/\/www.actualidadadiario.com\/index.php\/2018\/06\/27\/hay-mas-demanda-en-los-comedores-y-empezaron-a-aparecer-chicos-desnutridos\/","title":{"rendered":"&#8220;Hay m\u00e1s demanda en los comedores y empezaron a aparecer chicos desnutridos&#8221;"},"content":{"rendered":"<p><em><strong>Juan Carr, fundador de Red Solidaria, asegur\u00f3 que aument\u00f3 notablemente la poblaci\u00f3n en situaci\u00f3n de calle. Adem\u00e1s se mostr\u00f3 preocupado por el agravamiento de la situaci\u00f3n econ\u00f3mica del pa\u00eds y destac\u00f3: &#8220;Del 2002 al 2008 se dio la baja m\u00e1s grande de la historia de muertes por desnutrici\u00f3n infantil&#8221;<\/strong><\/em><\/p>\n<p>&nbsp;<\/p>\n<p>&nbsp;<\/p>\n<p>&nbsp;<\/p>\n<p>El l\u00edder de Red Solidaria, Juan Carr, asegur\u00f3 que aument\u00f3 la demanda en los comedores comunitarios y la poblaci\u00f3n en situaci\u00f3n de calle. &#8220;Del 2002 al 2008 se dio la baja m\u00e1s grande de la historia de muertes por desnutrici\u00f3n infantil&#8221;, destac\u00f3. &#8220;Empez\u00f3 a haber m\u00e1s demanda de comida porque es un momento complicado. Los chicos de bajo peso empiezan a aparecer&#8221;.<\/p>\n<p>&nbsp;<\/p>\n<p>En ese sentido, el referente social se mostr\u00f3 preocupado por el agravamiento de la situaci\u00f3n econ\u00f3mica en el pa\u00eds y el aumento de los casos de bajo peso infantil y de la poblaci\u00f3n en situaci\u00f3n de calle. \u201cEmpieza a registrarse un crecimiento de la poblaci\u00f3n infantil subnutrida&#8221;, advirti\u00f3.<\/p>\n<p>&nbsp;<\/p>\n<p>En di\u00e1logo con el programa Cr\u00f3nica Anunciada, de FM La Patriada, Carr cont\u00f3 que su &#8220;obsesi\u00f3n es hambre cero&#8221; aunque resalt\u00f3 que otro \u00edndice que preocupa es de la poblaci\u00f3n sin techo, que aument\u00f3. &#8220;En las \u00faltimas semanas, se produjeron cinco fallecimientos de personas en situaci\u00f3n de calle por fr\u00edo en Argentina\u201d.<\/p>\n<p>&nbsp;<\/p>\n<p>Adem\u00e1s, cont\u00f3 que &#8220;de 351 personas que tuvimos contacto el a\u00f1o pasado, solo tres salieron de la situaci\u00f3n de calle&#8221; e insisti\u00f3: &#8220;Es un momento complejo para el pa\u00eds\u201d.<\/p>\n","protected":false},"excerpt":{"rendered":"<p>Juan Carr, fundador de Red Solidaria, asegur\u00f3 que aument\u00f3 notablemente la poblaci\u00f3n en situaci\u00f3n de calle. Adem\u00e1s se mostr\u00f3 preocupado por el agravamiento de la situaci\u00f3n econ\u00f3mica del pa\u00eds y destac\u00f3: &#8220;Del 2002 al 2008 se dio la baja m\u00e1s grande de la historia de muertes por desnutrici\u00f3n infantil&#8221; &nbsp; &nbsp; &nbsp; El l\u00edder de Red Solidaria, Juan Carr, asegur\u00f3 que aument\u00f3 la demanda en los comedores comunitarios y la poblaci\u00f3n en situaci\u00f3n de calle. &#8220;Del 2002 al 2008 se dio la baja m\u00e1s grande de la historia de muertes&#8230;<\/p>\n","protected":false},"author":3,"featured_media":29182,"comment_status":"closed","ping_status":"closed","sticky":false,"template":"","format":"standard","meta":[],"categories":[2],"tags":[],"_links":{"self":[{"href":"https:\/\/www.actualidadadiario.com\/index.php\/wp-json\/wp\/v2\/posts\/29181"}],"collection":[{"href":"https:\/\/www.actualidadadiario.com\/index.php\/wp-json\/wp\/v2\/posts"}],"about":[{"href":"https:\/\/www.actualidadadiario.com\/index.php\/wp-json\/wp\/v2\/types\/post"}],"author":[{"embeddable":true,"href":"https:\/\/www.actualidadadiario.com\/index.php\/wp-json\/wp\/v2\/users\/3"}],"replies":[{"embeddable":true,"href":"https:\/\/www.actualidadadiario.com\/index.php\/wp-json\/wp\/v2\/comments?post=29181"}],"version-history":[{"count":1,"href":"https:\/\/www.actualidadadiario.com\/index.php\/wp-json\/wp\/v2\/posts\/29181\/revisions"}],"predecessor-version":[{"id":29183,"href":"https:\/\/www.actualidadadiario.com\/index.php\/wp-json\/wp\/v2\/posts\/29181\/revisions\/29183"}],"wp:featuredmedia":[{"embeddable":true,"href":"https:\/\/www.actualidadadiario.com\/index.php\/wp-json\/wp\/v2\/media\/29182"}],"wp:attachment":[{"href":"https:\/\/www.actualidadadiario.com\/index.php\/wp-json\/wp\/v2\/media?parent=29181"}],"wp:term":[{"taxonomy":"category","embeddable":true,"href":"https:\/\/www.actualidadadiario.com\/index.php\/wp-json\/wp\/v2\/categories?post=29181"},{"taxonomy":"post_tag","embeddable":true,"href":"https:\/\/www.actualidadadiario.com\/index.php\/wp-json\/wp\/v2\/tags?post=29181"}],"curies":[{"name":"wp","href":"https:\/\/api.w.org\/{rel}","templated":true}]}}