{"id":2918,"date":"2016-10-19T09:34:13","date_gmt":"2016-10-19T12:34:13","guid":{"rendered":"http:\/\/actualidadadiario.com\/site\/?p=2918"},"modified":"2016-10-19T09:34:13","modified_gmt":"2016-10-19T12:34:13","slug":"las-cooperativas-electricas-piden-un-incremento-tarifario-del-23-por-ciento","status":"publish","type":"post","link":"https:\/\/www.actualidadadiario.com\/index.php\/2016\/10\/19\/las-cooperativas-electricas-piden-un-incremento-tarifario-del-23-por-ciento\/","title":{"rendered":"Las Cooperativas el\u00e9ctricas piden un incremento tarifario del 23 por ciento"},"content":{"rendered":"<p><em><strong>Representantes de las cooperativas el\u00e9ctricas entrerrianas solicitaron al interventor del EPRE que se aplique \u201clo antes posible\u201d la suba tarifaria pedida en la \u00faltima audiencia p\u00fablica, que ronda el 23 por ciento promedio<\/strong><\/em><\/p>\n<p>&nbsp;<\/p>\n<p>&nbsp;<\/p>\n<p>&nbsp;<\/p>\n<p>&nbsp;<\/p>\n<p>Dirigentes de la filial entrerriana de la Federaci\u00f3n Argentina de Cooperativas El\u00e9ctricas (FACE) se reunieron este martes con el interventor del Ente Provincial Regulador de la Energ\u00eda (EPRE), Jos\u00e9 Carlos Halle, y le pidieron que fije \u201clo antes posible\u201d el nuevo cuadro tarifario provincial, con el aumento solicitado por las distribuidoras en la audiencia p\u00fablica que se llev\u00f3 a cabo el 31 de agosto pasado en Villaguay.<\/p>\n<p>&nbsp;<\/p>\n<p>En esa audiencia \u2013previa a la reformulaci\u00f3n integral de los cuadros tarifarios de la energ\u00eda el\u00e9ctrica en la provincia, que tendr\u00e1n vigencia para el quinquenio 2016\/2021\u2013, Enersa y las cooperativas solicitaron una suba promedio del 23 por ciento.<\/p>\n<p>&nbsp;<\/p>\n<p>El presidente de FACE Entre R\u00edos, Rafael Zambiazzo, coment\u00f3 que \u201clas cooperativas estuvieron evaluando que el cuadro tarifario que nos dieron unos meses atr\u00e1s (del 137 por ciento) est\u00e1 diluido por la inflaci\u00f3n\u201d. Por eso solicitaron a Halle que aplique \u201clo antes posible\u201d el incremento que las distribuidoras pidieron en la audiencia de Villaguay. El objetivo de la urgencia es evitar \u201ccooperativas no vuelvan a entrar en un desfasaje financiero, como el que tuvimos cuando pasamos dos a\u00f1os y medio sin tarifas\u201d, expres\u00f3 Zambiazzo, en referencia al congelamiento tarifario.<\/p>\n<p>&nbsp;<\/p>\n<p>De todos modos, acot\u00f3 que en el encuentro de este martes se busc\u00f3 \u201cconsensuar con el Interventor la forma de que se apliquen esos aumentos en la manera menos dolorosa para el usuario\u201d, de manera que \u201cno sea brusca y que no ocasione los planteos y discusiones que hubo en el pasado\u201d. \u201cNos vamos con la respuesta de seguir trabajando juntos, porque esto es una cuesti\u00f3n que todos tenemos que resolver, no s\u00f3lo nosotros los distribuidores de energ\u00eda y el Estado, sino que tambi\u00e9n hay que hacer participar a los formadores de opini\u00f3n\u201d, expres\u00f3 Botero.<\/p>\n<p>&nbsp;<\/p>\n<p>&nbsp;<\/p>\n<p>&nbsp;<\/p>\n<p><strong>Dificultades<\/strong><\/p>\n<p>Consultado por c\u00f3mo se preparan las Cooperativas el\u00e9ctricas para afrontar la \u00e9poca estival, cuando crece la demanda de energ\u00eda, Botero coment\u00f3: \u201cLa crisis que sufre la industria el\u00e9ctrica en cuanto a la desinversi\u00f3n no es de ahora, viene desde hace seis o siete a\u00f1os atr\u00e1s. Y no se va a resolver con este aumento\u201d.<\/p>\n<p>&nbsp;<\/p>\n<p>Apunt\u00f3 tambi\u00e9n que \u201csiempre hacen fondos para paliar situaciones de urgencia e inmediatez\u201d.<\/p>\n<p>&nbsp;<\/p>\n<p>Si bien asegur\u00f3 que \u201cEntre R\u00edos no est\u00e1 en colapso\u201d, remarc\u00f3 que s\u00ed \u201cest\u00e1 con serias dificultades para prestar servicio en lugares puntuales\u201d.<\/p>\n<p>&nbsp;<\/p>\n<p>Cabe mencionar que en la provincia existen 18 cooperativas, que prestan servicio al 30 por ciento de los usuarios de todo el territorio provincial.<\/p>\n","protected":false},"excerpt":{"rendered":"<p>Representantes de las cooperativas el\u00e9ctricas entrerrianas solicitaron al interventor del EPRE que se aplique \u201clo antes posible\u201d la suba tarifaria pedida en la \u00faltima audiencia p\u00fablica, que ronda el 23 por ciento promedio &nbsp; &nbsp; &nbsp; &nbsp; Dirigentes de la filial entrerriana de la Federaci\u00f3n Argentina de Cooperativas El\u00e9ctricas (FACE) se reunieron este martes con el interventor del Ente Provincial Regulador de la Energ\u00eda (EPRE), Jos\u00e9 Carlos Halle, y le pidieron que fije \u201clo antes posible\u201d el nuevo cuadro tarifario provincial, con el aumento solicitado por las distribuidoras en la&#8230;<\/p>\n","protected":false},"author":3,"featured_media":2919,"comment_status":"closed","ping_status":"closed","sticky":false,"template":"","format":"standard","meta":[],"categories":[15],"tags":[],"_links":{"self":[{"href":"https:\/\/www.actualidadadiario.com\/index.php\/wp-json\/wp\/v2\/posts\/2918"}],"collection":[{"href":"https:\/\/www.actualidadadiario.com\/index.php\/wp-json\/wp\/v2\/posts"}],"about":[{"href":"https:\/\/www.actualidadadiario.com\/index.php\/wp-json\/wp\/v2\/types\/post"}],"author":[{"embeddable":true,"href":"https:\/\/www.actualidadadiario.com\/index.php\/wp-json\/wp\/v2\/users\/3"}],"replies":[{"embeddable":true,"href":"https:\/\/www.actualidadadiario.com\/index.php\/wp-json\/wp\/v2\/comments?post=2918"}],"version-history":[{"count":1,"href":"https:\/\/www.actualidadadiario.com\/index.php\/wp-json\/wp\/v2\/posts\/2918\/revisions"}],"predecessor-version":[{"id":2920,"href":"https:\/\/www.actualidadadiario.com\/index.php\/wp-json\/wp\/v2\/posts\/2918\/revisions\/2920"}],"wp:featuredmedia":[{"embeddable":true,"href":"https:\/\/www.actualidadadiario.com\/index.php\/wp-json\/wp\/v2\/media\/2919"}],"wp:attachment":[{"href":"https:\/\/www.actualidadadiario.com\/index.php\/wp-json\/wp\/v2\/media?parent=2918"}],"wp:term":[{"taxonomy":"category","embeddable":true,"href":"https:\/\/www.actualidadadiario.com\/index.php\/wp-json\/wp\/v2\/categories?post=2918"},{"taxonomy":"post_tag","embeddable":true,"href":"https:\/\/www.actualidadadiario.com\/index.php\/wp-json\/wp\/v2\/tags?post=2918"}],"curies":[{"name":"wp","href":"https:\/\/api.w.org\/{rel}","templated":true}]}}