{"id":29175,"date":"2018-06-27T10:32:27","date_gmt":"2018-06-27T13:32:27","guid":{"rendered":"https:\/\/www.actualidadadiario.com\/?p=29175"},"modified":"2018-11-06T19:43:04","modified_gmt":"2018-11-06T22:43:04","slug":"habra-una-audiencia-publica-regional-por-las-obras-en-el-aeropuerto-de-concordia","status":"publish","type":"post","link":"https:\/\/www.actualidadadiario.com\/index.php\/2018\/06\/27\/habra-una-audiencia-publica-regional-por-las-obras-en-el-aeropuerto-de-concordia\/","title":{"rendered":"Habr\u00e1 una audiencia p\u00fablica regional por las obras en el aeropuerto de Concordia"},"content":{"rendered":"<p><em><strong>El c\u00f3nclave ser\u00e1 fiscalizado por el BID, la entidad que entregar\u00e1 el pr\u00e9stamos por 43 millones y medios de d\u00f3lares que estar\u00e1n destinados a la ampliaci\u00f3n del aeropuerto, el cual ser\u00e1 de referencia para Argentina y Uruguay<\/strong><\/em><\/p>\n<p>&nbsp;<\/p>\n<p>&nbsp;<\/p>\n<p>&nbsp;<\/p>\n<p>El ministro de Planeamiento, Infraestructura y Servicios de Entre R\u00edos; Luis Benedetto coment\u00f3 que \u201cesta semana lleg\u00f3 la autorizaci\u00f3n para avanzar en este proyecto que ya fue presentado al BID, desde donde se pidi\u00f3 que se hagan algunas correcciones, para luego de quedar terminada la presentaci\u00f3n, acceder al financiamiento\u201d.<\/p>\n<p>&nbsp;<\/p>\n<p>Con respecto a la principal modificaci\u00f3n que recibir\u00e1 el aeropuerto de Concordia, el ministro sostuvo que se elevar\u00e1 \u201cla pista a 2100 metros lo que permitir\u00e1 a aeronaves de magnitud poder operar en el aeropuerto, al igual que ya lo hacen en el aeropuerto de Paran\u00e1 y de San Fe. Luego se har\u00e1 la translaci\u00f3n de servicio que nos va a permitir poder operar con la carga y el transporte de pasajero, permitiendo un aeropuerto de importancia para la regi\u00f3n\u201d.<\/p>\n<p>&nbsp;<\/p>\n<p>En ese marco, Benedetto adelant\u00f3 que \u201cla semana del 5 de julio viene una misi\u00f3n del banco (BID Banco Interamericano de Desarrollo) para verificar los \u00faltimos contactos y hacer una audiencia p\u00fablica para que todos los componentes de la regi\u00f3n puedan participar y ponerse al tanto del proyecto&#8221;. Una vez realizado eso, &#8220;se har\u00e1 la presentaci\u00f3n ante la directorio del banco donde ser\u00eda aprobado el financiamiento y comenzar\u00edan a correr los tiempos previstos. Por lo que estimamos que en los \u00faltimos meses de este a\u00f1o podr\u00edamos tener disponibles lo fondos para poner en marcha la licitaci\u00f3n\u201d.<\/p>\n<p>&nbsp;<\/p>\n<p>Para concluir, el entrevistado subray\u00f3 que \u201cel aeropuerto tendr\u00e1 una cobertura mayor, abierta a la regi\u00f3n de Salto Grande, donde interactuar\u00e1 Uruguay a trav\u00e9s de la ciudad de Salto y podr\u00e1 acceder tanto el departamento de Federaci\u00f3n, como el de Col\u00f3n\u201d.<\/p>\n","protected":false},"excerpt":{"rendered":"<p>El c\u00f3nclave ser\u00e1 fiscalizado por el BID, la entidad que entregar\u00e1 el pr\u00e9stamos por 43 millones y medios de d\u00f3lares que estar\u00e1n destinados a la ampliaci\u00f3n del aeropuerto, el cual ser\u00e1 de referencia para Argentina y Uruguay &nbsp; &nbsp; &nbsp; El ministro de Planeamiento, Infraestructura y Servicios de Entre R\u00edos; Luis Benedetto coment\u00f3 que \u201cesta semana lleg\u00f3 la autorizaci\u00f3n para avanzar en este proyecto que ya fue presentado al BID, desde donde se pidi\u00f3 que se hagan algunas correcciones, para luego de quedar terminada la presentaci\u00f3n, acceder al financiamiento\u201d. &nbsp;&#8230;<\/p>\n","protected":false},"author":3,"featured_media":29176,"comment_status":"closed","ping_status":"closed","sticky":false,"template":"","format":"standard","meta":[],"categories":[15],"tags":[],"_links":{"self":[{"href":"https:\/\/www.actualidadadiario.com\/index.php\/wp-json\/wp\/v2\/posts\/29175"}],"collection":[{"href":"https:\/\/www.actualidadadiario.com\/index.php\/wp-json\/wp\/v2\/posts"}],"about":[{"href":"https:\/\/www.actualidadadiario.com\/index.php\/wp-json\/wp\/v2\/types\/post"}],"author":[{"embeddable":true,"href":"https:\/\/www.actualidadadiario.com\/index.php\/wp-json\/wp\/v2\/users\/3"}],"replies":[{"embeddable":true,"href":"https:\/\/www.actualidadadiario.com\/index.php\/wp-json\/wp\/v2\/comments?post=29175"}],"version-history":[{"count":1,"href":"https:\/\/www.actualidadadiario.com\/index.php\/wp-json\/wp\/v2\/posts\/29175\/revisions"}],"predecessor-version":[{"id":29177,"href":"https:\/\/www.actualidadadiario.com\/index.php\/wp-json\/wp\/v2\/posts\/29175\/revisions\/29177"}],"wp:featuredmedia":[{"embeddable":true,"href":"https:\/\/www.actualidadadiario.com\/index.php\/wp-json\/wp\/v2\/media\/29176"}],"wp:attachment":[{"href":"https:\/\/www.actualidadadiario.com\/index.php\/wp-json\/wp\/v2\/media?parent=29175"}],"wp:term":[{"taxonomy":"category","embeddable":true,"href":"https:\/\/www.actualidadadiario.com\/index.php\/wp-json\/wp\/v2\/categories?post=29175"},{"taxonomy":"post_tag","embeddable":true,"href":"https:\/\/www.actualidadadiario.com\/index.php\/wp-json\/wp\/v2\/tags?post=29175"}],"curies":[{"name":"wp","href":"https:\/\/api.w.org\/{rel}","templated":true}]}}