{"id":29169,"date":"2018-06-27T10:30:18","date_gmt":"2018-06-27T13:30:18","guid":{"rendered":"https:\/\/www.actualidadadiario.com\/?p=29169"},"modified":"2018-11-06T19:43:04","modified_gmt":"2018-11-06T22:43:04","slug":"miercoles-sin-actividad-en-la-administracion-provincial","status":"publish","type":"post","link":"https:\/\/www.actualidadadiario.com\/index.php\/2018\/06\/27\/miercoles-sin-actividad-en-la-administracion-provincial\/","title":{"rendered":"Mi\u00e9rcoles sin actividad en la administraci\u00f3n provincial"},"content":{"rendered":"<p><em><strong>Este 27 de junio se celebra el D\u00eda del Trabajador del Estado, para conmemorar la fecha en que la Organizaci\u00f3n Internacional del Trabajo (OIT) aprob\u00f3 los convenios colectivos y la sindicalizaci\u00f3n de los por entonces denominados servidores p\u00fablicos, que luego pasaron a llamarse empleados del Estado<\/strong><\/em><\/p>\n<p>&nbsp;<\/p>\n<p>&nbsp;<\/p>\n<p>&nbsp;<\/p>\n<p>&nbsp;<\/p>\n<p>La celebraci\u00f3n abarca a empleados de la salud, la educaci\u00f3n y al escalaf\u00f3n general.<\/p>\n<p>&nbsp;<\/p>\n<p>El asueto administrativo fue dispuesto en Argentina a partir de agosto de 2013, cuando el Poder Ejecutivo Nacional promulg\u00f3 la ley 26.876 sancionada en el Congreso que estableci\u00f3 ese d\u00eda como de &#8220;descanso&#8221; para los empleados de la Administraci\u00f3n P\u00fablica Nacional, al que los gobiernos provinciales se adhirieron.<\/p>\n","protected":false},"excerpt":{"rendered":"<p>Este 27 de junio se celebra el D\u00eda del Trabajador del Estado, para conmemorar la fecha en que la Organizaci\u00f3n Internacional del Trabajo (OIT) aprob\u00f3 los convenios colectivos y la sindicalizaci\u00f3n de los por entonces denominados servidores p\u00fablicos, que luego pasaron a llamarse empleados del Estado &nbsp; &nbsp; &nbsp; &nbsp; La celebraci\u00f3n abarca a empleados de la salud, la educaci\u00f3n y al escalaf\u00f3n general. &nbsp; El asueto administrativo fue dispuesto en Argentina a partir de agosto de 2013, cuando el Poder Ejecutivo Nacional promulg\u00f3 la ley 26.876 sancionada en el&#8230;<\/p>\n","protected":false},"author":3,"featured_media":29170,"comment_status":"closed","ping_status":"closed","sticky":false,"template":"","format":"standard","meta":[],"categories":[15],"tags":[],"_links":{"self":[{"href":"https:\/\/www.actualidadadiario.com\/index.php\/wp-json\/wp\/v2\/posts\/29169"}],"collection":[{"href":"https:\/\/www.actualidadadiario.com\/index.php\/wp-json\/wp\/v2\/posts"}],"about":[{"href":"https:\/\/www.actualidadadiario.com\/index.php\/wp-json\/wp\/v2\/types\/post"}],"author":[{"embeddable":true,"href":"https:\/\/www.actualidadadiario.com\/index.php\/wp-json\/wp\/v2\/users\/3"}],"replies":[{"embeddable":true,"href":"https:\/\/www.actualidadadiario.com\/index.php\/wp-json\/wp\/v2\/comments?post=29169"}],"version-history":[{"count":1,"href":"https:\/\/www.actualidadadiario.com\/index.php\/wp-json\/wp\/v2\/posts\/29169\/revisions"}],"predecessor-version":[{"id":29171,"href":"https:\/\/www.actualidadadiario.com\/index.php\/wp-json\/wp\/v2\/posts\/29169\/revisions\/29171"}],"wp:featuredmedia":[{"embeddable":true,"href":"https:\/\/www.actualidadadiario.com\/index.php\/wp-json\/wp\/v2\/media\/29170"}],"wp:attachment":[{"href":"https:\/\/www.actualidadadiario.com\/index.php\/wp-json\/wp\/v2\/media?parent=29169"}],"wp:term":[{"taxonomy":"category","embeddable":true,"href":"https:\/\/www.actualidadadiario.com\/index.php\/wp-json\/wp\/v2\/categories?post=29169"},{"taxonomy":"post_tag","embeddable":true,"href":"https:\/\/www.actualidadadiario.com\/index.php\/wp-json\/wp\/v2\/tags?post=29169"}],"curies":[{"name":"wp","href":"https:\/\/api.w.org\/{rel}","templated":true}]}}