{"id":29166,"date":"2018-06-27T10:29:33","date_gmt":"2018-06-27T13:29:33","guid":{"rendered":"https:\/\/www.actualidadadiario.com\/?p=29166"},"modified":"2018-11-06T19:43:04","modified_gmt":"2018-11-06T22:43:04","slug":"el-gobierno-provincial-articula-estrategias-para-acompanar-a-jovenes-sin-cuidados-parentales","status":"publish","type":"post","link":"https:\/\/www.actualidadadiario.com\/index.php\/2018\/06\/27\/el-gobierno-provincial-articula-estrategias-para-acompanar-a-jovenes-sin-cuidados-parentales\/","title":{"rendered":"El gobierno provincial articula estrategias para acompa\u00f1ar a j\u00f3venes sin cuidados parentales"},"content":{"rendered":"<p><em><strong>Desde el Ministerio de Desarrollo Social se realiz\u00f3 una mesa de trabajo con diferentes \u00e1reas del gobierno para la implementaci\u00f3n del programa Andando de acompa\u00f1amiento en el egreso de adolescentes y j\u00f3venes sin cuidados parentales, a fin de garantizar su plena inclusi\u00f3n social y desarrollo personal<\/strong><\/em><\/p>\n<p>&nbsp;<\/p>\n<p>&nbsp;<\/p>\n<p>&nbsp;<\/p>\n<p>&nbsp;<\/p>\n<p>El programa Andando se implementar\u00e1 desde el Ministerio de Desarrollo Social, a trav\u00e9s de la Secretar\u00eda de la Juventud y el Consejo Provincial del Ni\u00f1o, el Adolescente y la Familia (Copnaf), debido a las competencias etarias que marca la Ley. Tiene como objetivo acompa\u00f1ar la construcci\u00f3n de un proyecto de vida aut\u00f3nomo de los adolescentes, propiciando la inserci\u00f3n educativa y ocupacional en su Centro de Vida, junto a un tutor y el aporte de una beca enmarcada en la Ley 27.364.<\/p>\n<p>&nbsp;<\/p>\n<p>La ministra de Desarrollo Social, Laura Stratta, celebr\u00f3 la instancia de trabajo articulado y sostuvo: \u201cEs un pedido permanente del gobernador Gustavo Bordet, por un lado, la construcci\u00f3n de respuestas integrales desde una mirada interministerial e intersectorial entre los diferentes estamentos del Estado, pero tambi\u00e9n con las instituciones de la sociedad civil. Y por otra parte, el generar oportunidades donde no las hay\u201d. En el mismo sentido, agradeci\u00f3 el acompa\u00f1amiento e impulso de Mariel \u00c1vila, esposa del gobernador, en estas iniciativas.<\/p>\n<p>&nbsp;<\/p>\n<p>La titular de la cartera social resalt\u00f3 que el programa \u201ces el acompa\u00f1amiento en la construcci\u00f3n de un proyecto de vida. Se trata de igualar oportunidades, de definir pol\u00edticas p\u00fablicas para transformar la realidad que duele. Muchas veces las estrategias que planteamos mitigan las situaciones, pero es necesario trabajar para transformar la realidad\u201d.<\/p>\n<p>&nbsp;<\/p>\n<p>\u201cEs importante en esto incluir la mirada de la Econom\u00eda Social, para que estos j\u00f3venes puedan abrirse al mundo laboral, porque es una mirada desde el ser humano, de un consumo respetuoso y responsable\u201d, a\u00f1adi\u00f3 la ministra de Desarrollo Social.<\/p>\n<p>&nbsp;<\/p>\n<p>Por su parte, la ministra de Gobierno y Justicia, Rosario Romero, subray\u00f3: \u201cEs fundamental que sigamos trabajando y protegiendo la ni\u00f1ez y juventud en nuestra provincia, y que podamos seguir como Estado acompa\u00f1ando y potenciando la cultura de trabajo\u201d.<\/p>\n<p>&nbsp;<\/p>\n<p>En ese marco, Romero indic\u00f3: \u201cDesde el Gobierno provincial asumimos el compromiso de investigar el narcomenudeo en Entre R\u00edos, ya que entendemos que hay todo un sedimento de j\u00f3venes que son las v\u00edctimas de la droga en la sociedad. El hecho de que podamos acompa\u00f1ar con esto me parece sumamente importante. Todas estas labores fortalecen los procesos y es necesario que trabajemos para que nuestros j\u00f3venes no est\u00e9n presos o sujetos por estas personas que capturan su vida. Ciertos consumos capturan la vida de las personas y el trabajo conjunto es fundamental para combatirlo\u201d, agreg\u00f3.<\/p>\n<p>&nbsp;<\/p>\n<p>&nbsp;<\/p>\n<p><strong>Estado presente<\/strong><\/p>\n<p>La presidenta del Copnaf, Marisa Paira, explic\u00f3: \u201cNuestro organismo va a tener un trabajo de mayor presencia en la franja de adolescentes de 16 a 18 a\u00f1os, mientras que la Secretar\u00eda de la Juventud, lo har\u00e1 desde los 19 a 21 a\u00f1os. Esto es una respuesta desde la pol\u00edtica de ni\u00f1ez provincial marcada por el gobernador Bordet, que fortalece la apuesta que hace la Ley nacional y que establece un recurso econ\u00f3mico para los j\u00f3venes sin cuidados parentales\u201d.<\/p>\n<p>&nbsp;<\/p>\n<p>\u201cSin embargo nosotros desde este programa planteamos una estrategia que va m\u00e1s all\u00e1 de esto, que tiene que ver con poder acompa\u00f1ar los procesos de egreso de los adolescentes de las residencias socioeducativas, aquellos que carecen de cuidados parentales y que de alg\u00fan modo llegan a la mayor\u00eda de edad; y que podamos trabajar adem\u00e1s otros ejes que tienen que ver con la inclusi\u00f3n social, que son la educaci\u00f3n formal y no formal, y la capacitaci\u00f3n laboral, para poder acompa\u00f1arlos a buscar su lugar en la comunidad en distintos lugares de la provincia\u201d, acot\u00f3 la funcionaria.<\/p>\n<p>&nbsp;<\/p>\n<p>Por su parte el secretario de la Juventud, Nicol\u00e1s Mathieu, se\u00f1al\u00f3: \u201cEs un gran desaf\u00edo llegar a todo el territorio provincial con este programa, por eso resulta tan fruct\u00edfero el trabajo que estamos articulando entre todas las \u00e1reas del gobierno provincial para brindar respuestas a los j\u00f3venes. El subsidio que recibir\u00e1n los j\u00f3venes que participen de Andando, les permitir\u00e1 independizarse econ\u00f3micamente, pero el acompa\u00f1amiento del Estado con los diferentes programas es fundamental para su desarrollo\u201d.<\/p>\n<p>&nbsp;<\/p>\n<p>Del encuentro participaron adem\u00e1s, la vicepresidenta del Copnaf, Huerto Reutlinger; el Gerente General de Iafas, Aldo Lettieri; del Directorio del IAPV, Mabel Solanas; y por el Instituto Del Seguro, Anal\u00eda Francisconi, entre otros funcionarios provinciales.<\/p>\n","protected":false},"excerpt":{"rendered":"<p>Desde el Ministerio de Desarrollo Social se realiz\u00f3 una mesa de trabajo con diferentes \u00e1reas del gobierno para la implementaci\u00f3n del programa Andando de acompa\u00f1amiento en el egreso de adolescentes y j\u00f3venes sin cuidados parentales, a fin de garantizar su plena inclusi\u00f3n social y desarrollo personal &nbsp; &nbsp; &nbsp; &nbsp; El programa Andando se implementar\u00e1 desde el Ministerio de Desarrollo Social, a trav\u00e9s de la Secretar\u00eda de la Juventud y el Consejo Provincial del Ni\u00f1o, el Adolescente y la Familia (Copnaf), debido a las competencias etarias que marca la Ley&#8230;.<\/p>\n","protected":false},"author":3,"featured_media":29167,"comment_status":"closed","ping_status":"closed","sticky":false,"template":"","format":"standard","meta":[],"categories":[15],"tags":[],"_links":{"self":[{"href":"https:\/\/www.actualidadadiario.com\/index.php\/wp-json\/wp\/v2\/posts\/29166"}],"collection":[{"href":"https:\/\/www.actualidadadiario.com\/index.php\/wp-json\/wp\/v2\/posts"}],"about":[{"href":"https:\/\/www.actualidadadiario.com\/index.php\/wp-json\/wp\/v2\/types\/post"}],"author":[{"embeddable":true,"href":"https:\/\/www.actualidadadiario.com\/index.php\/wp-json\/wp\/v2\/users\/3"}],"replies":[{"embeddable":true,"href":"https:\/\/www.actualidadadiario.com\/index.php\/wp-json\/wp\/v2\/comments?post=29166"}],"version-history":[{"count":1,"href":"https:\/\/www.actualidadadiario.com\/index.php\/wp-json\/wp\/v2\/posts\/29166\/revisions"}],"predecessor-version":[{"id":29168,"href":"https:\/\/www.actualidadadiario.com\/index.php\/wp-json\/wp\/v2\/posts\/29166\/revisions\/29168"}],"wp:featuredmedia":[{"embeddable":true,"href":"https:\/\/www.actualidadadiario.com\/index.php\/wp-json\/wp\/v2\/media\/29167"}],"wp:attachment":[{"href":"https:\/\/www.actualidadadiario.com\/index.php\/wp-json\/wp\/v2\/media?parent=29166"}],"wp:term":[{"taxonomy":"category","embeddable":true,"href":"https:\/\/www.actualidadadiario.com\/index.php\/wp-json\/wp\/v2\/categories?post=29166"},{"taxonomy":"post_tag","embeddable":true,"href":"https:\/\/www.actualidadadiario.com\/index.php\/wp-json\/wp\/v2\/tags?post=29166"}],"curies":[{"name":"wp","href":"https:\/\/api.w.org\/{rel}","templated":true}]}}