{"id":29163,"date":"2018-06-27T10:28:47","date_gmt":"2018-06-27T13:28:47","guid":{"rendered":"https:\/\/www.actualidadadiario.com\/?p=29163"},"modified":"2018-11-06T19:43:04","modified_gmt":"2018-11-06T22:43:04","slug":"la-proxima-semana-habra-un-encuentro-de-la-liga-de-intendentes-justicialistas","status":"publish","type":"post","link":"https:\/\/www.actualidadadiario.com\/index.php\/2018\/06\/27\/la-proxima-semana-habra-un-encuentro-de-la-liga-de-intendentes-justicialistas\/","title":{"rendered":"La pr\u00f3xima semana habr\u00e1 un encuentro de la Liga de Intendentes Justicialistas"},"content":{"rendered":"<p><em><strong>El gobernador Gustavo Bordet mantuvo este lunes un encuentro con intendente de Col\u00f3n, Mariano Rebord, para avanzar en la reuni\u00f3n que mantendr\u00e1 la pr\u00f3xima semana la Liga de Intendentes Justicialista. Ser\u00e1 en Aldea San Antonio<\/strong><\/em><\/p>\n<p>&nbsp;<\/p>\n<p>&nbsp;<\/p>\n<p>&nbsp;<\/p>\n<p>&nbsp;<\/p>\n<p>Durante la reuni\u00f3n que se hizo en el despacho del mandatario se trat\u00f3 &#8220;lo que est\u00e1 pasando en la provincia y la situaci\u00f3n nacional, pero fundamentalmente avanzamos sobre un encuentro con la Liga de Intendentes Justicialistas&#8221;, seg\u00fan indici\u00f3 el intendente de Col\u00f3n.<\/p>\n<p>&nbsp;<\/p>\n<p>&#8220;La idea es llevar la realidad de cada municipio de los que integran la Liga. La reuni\u00f3n ser\u00e1 en Aldea San Antonio. Ser\u00e1 la pr\u00f3xima semana&#8221;, acot\u00f3.<\/p>\n<p>&nbsp;<\/p>\n<p>Sostuvo luego que &#8220;al gobernador le gusta peri\u00f3dicamente tener una conversaci\u00f3n con cada intendente, de manera m\u00e1s distendida y con la presencia de los funcionarios de diversas \u00e1reas. Es la posibilidad en la que podemos hablar claramente sin tener que ir individualmente al encuentro de los funcionarios&#8221;, remarc\u00f3.<\/p>\n<p>&nbsp;<\/p>\n<p>Por \u00faltimo, coment\u00f3 que dialogaron sobre la realidad nacional y &#8220;la reducci\u00f3n de un monto importante de obras para la provincia y que nos perjudicar\u00e1. Por ejemplo, la ruta N\u00ba18, pero el gobernador nos dio la tranquilidad que las obras provinciales siguen en marcha porque est\u00e1 estipulado y son con presupuesto provincial&#8221;, concluy\u00f3.<\/p>\n","protected":false},"excerpt":{"rendered":"<p>El gobernador Gustavo Bordet mantuvo este lunes un encuentro con intendente de Col\u00f3n, Mariano Rebord, para avanzar en la reuni\u00f3n que mantendr\u00e1 la pr\u00f3xima semana la Liga de Intendentes Justicialista. Ser\u00e1 en Aldea San Antonio &nbsp; &nbsp; &nbsp; &nbsp; Durante la reuni\u00f3n que se hizo en el despacho del mandatario se trat\u00f3 &#8220;lo que est\u00e1 pasando en la provincia y la situaci\u00f3n nacional, pero fundamentalmente avanzamos sobre un encuentro con la Liga de Intendentes Justicialistas&#8221;, seg\u00fan indici\u00f3 el intendente de Col\u00f3n. &nbsp; &#8220;La idea es llevar la realidad de cada&#8230;<\/p>\n","protected":false},"author":3,"featured_media":29164,"comment_status":"closed","ping_status":"closed","sticky":false,"template":"","format":"standard","meta":[],"categories":[9,15],"tags":[],"_links":{"self":[{"href":"https:\/\/www.actualidadadiario.com\/index.php\/wp-json\/wp\/v2\/posts\/29163"}],"collection":[{"href":"https:\/\/www.actualidadadiario.com\/index.php\/wp-json\/wp\/v2\/posts"}],"about":[{"href":"https:\/\/www.actualidadadiario.com\/index.php\/wp-json\/wp\/v2\/types\/post"}],"author":[{"embeddable":true,"href":"https:\/\/www.actualidadadiario.com\/index.php\/wp-json\/wp\/v2\/users\/3"}],"replies":[{"embeddable":true,"href":"https:\/\/www.actualidadadiario.com\/index.php\/wp-json\/wp\/v2\/comments?post=29163"}],"version-history":[{"count":1,"href":"https:\/\/www.actualidadadiario.com\/index.php\/wp-json\/wp\/v2\/posts\/29163\/revisions"}],"predecessor-version":[{"id":29165,"href":"https:\/\/www.actualidadadiario.com\/index.php\/wp-json\/wp\/v2\/posts\/29163\/revisions\/29165"}],"wp:featuredmedia":[{"embeddable":true,"href":"https:\/\/www.actualidadadiario.com\/index.php\/wp-json\/wp\/v2\/media\/29164"}],"wp:attachment":[{"href":"https:\/\/www.actualidadadiario.com\/index.php\/wp-json\/wp\/v2\/media?parent=29163"}],"wp:term":[{"taxonomy":"category","embeddable":true,"href":"https:\/\/www.actualidadadiario.com\/index.php\/wp-json\/wp\/v2\/categories?post=29163"},{"taxonomy":"post_tag","embeddable":true,"href":"https:\/\/www.actualidadadiario.com\/index.php\/wp-json\/wp\/v2\/tags?post=29163"}],"curies":[{"name":"wp","href":"https:\/\/api.w.org\/{rel}","templated":true}]}}