{"id":29157,"date":"2018-06-26T10:30:09","date_gmt":"2018-06-26T13:30:09","guid":{"rendered":"https:\/\/www.actualidadadiario.com\/?p=29157"},"modified":"2018-11-06T19:43:05","modified_gmt":"2018-11-06T22:43:05","slug":"francisco-recibira-el-sabado-a-evo","status":"publish","type":"post","link":"https:\/\/www.actualidadadiario.com\/index.php\/2018\/06\/26\/francisco-recibira-el-sabado-a-evo\/","title":{"rendered":"Francisco recibir\u00e1 el s\u00e1bado a Evo"},"content":{"rendered":"<p><em><strong>La reuni\u00f3n con &#8220;agenda abierta&#8221; incluir\u00eda entre otros temas el diferendo entre el pa\u00eds andino y Chile por la salida al mar.El pont\u00edfice y Morales se ver\u00e1n en el Palacio Apost\u00f3lico vaticano el s\u00e1bado a 5.30, hora en Argentina<\/strong><\/em><\/p>\n<p>&nbsp;<\/p>\n<p>&nbsp;<\/p>\n<p>&nbsp;<\/p>\n<p>El papa Francisco recibir\u00e1 el s\u00e1bado al presidente de Bolivia, Evo Morales, en lo que ser\u00e1 el sexto encuentro entre ambos, en una reuni\u00f3n con &#8220;agenda abierta&#8221;, que incluir\u00eda entre otros temas el diferendo entre el pa\u00eds andino y Chile por la salida al mar.<\/p>\n<p>&nbsp;<\/p>\n<p>El pont\u00edfice y Morales se ver\u00e1n en el Palacio Apost\u00f3lico vaticano el s\u00e1bado 30 a las 10.30 (5.30, hora en Argentina), adelant\u00f3 a T\u00e9lam el portavoz papal Greg Burke.<\/p>\n<p>&nbsp;<\/p>\n<p>La reuni\u00f3n, la sexta entre ambos desde la entronizaci\u00f3n de Jorge Bergoglio en 2013, se dar\u00e1 en el marco de la llegada del mandatario a la Santa Sede para participar del consistorio p\u00fablico con el que el jueves 28 el papa crear\u00e1 14 nuevos cardenales, entre ellos el boliviano Toribio Ticona.<\/p>\n<p>&nbsp;<\/p>\n<p>Seg\u00fan fuentes diplom\u00e1ticas bolivianas consultadas en Roma, la reuni\u00f3n ser\u00e1 &#8220;con agenda abierta&#8221;, pero estar\u00eda presente la disputa entre Bolivia y Chile por la salida al mar.<\/p>\n<p>&nbsp;<\/p>\n<p>Bolivia instaur\u00f3 en 2013 una demanda contra Chile en la Corte Internacional de Justicia de La Haya para que cumpla los ofrecimientos hechos a lo largo de la historia de negociar una salida soberana al mar, una cualidad que perdi\u00f3 tras una invasi\u00f3n en 1879.<\/p>\n<p>&nbsp;<\/p>\n<p>En marzo pasado, ambos pa\u00edses expusieron en la CIJ sus alegatos orales y ahora, de acuerdo a las especulaciones bolivianas, esperan de manera inminente el fallo de ese tribunal sobre el diferendo mar\u00edtimo.<\/p>\n<p>&nbsp;<\/p>\n<p>La \u00faltima vez que se reunieron, en diciembre pasado, Morales concurri\u00f3 acompa\u00f1ado por uno de los agentes de la demanda que impulsa en La Haya, Eduardo Rodr\u00edguez, y por un asesor de la Direcci\u00f3n del Mar de su pa\u00eds, Emerson Calder\u00f3n.<\/p>\n<p>&nbsp;<\/p>\n<p>En 2015, durante su visita a Bolivia, Francisco hab\u00eda pedido una diplomacia &#8220;que evite los conflictos con los pa\u00edses hermanos y contribuya al di\u00e1logo franco y abierto de los problemas es indispensable, y estoy pensando ac\u00e1 en el mar. Di\u00e1logo es indispensable&#8221;.<\/p>\n<p>&nbsp;<\/p>\n<p>Antes del encuentro de diciembre, y adem\u00e1s de la reuni\u00f3n en Bolivia durante el viaje apost\u00f3lico de 2015, Morales se reuni\u00f3 en el Vaticano con Francisco en 2013, 2014 y 2016.<\/p>\n","protected":false},"excerpt":{"rendered":"<p>La reuni\u00f3n con &#8220;agenda abierta&#8221; incluir\u00eda entre otros temas el diferendo entre el pa\u00eds andino y Chile por la salida al mar.El pont\u00edfice y Morales se ver\u00e1n en el Palacio Apost\u00f3lico vaticano el s\u00e1bado a 5.30, hora en Argentina &nbsp; &nbsp; &nbsp; El papa Francisco recibir\u00e1 el s\u00e1bado al presidente de Bolivia, Evo Morales, en lo que ser\u00e1 el sexto encuentro entre ambos, en una reuni\u00f3n con &#8220;agenda abierta&#8221;, que incluir\u00eda entre otros temas el diferendo entre el pa\u00eds andino y Chile por la salida al mar. &nbsp; El pont\u00edfice&#8230;<\/p>\n","protected":false},"author":3,"featured_media":29158,"comment_status":"closed","ping_status":"closed","sticky":false,"template":"","format":"standard","meta":[],"categories":[4],"tags":[],"_links":{"self":[{"href":"https:\/\/www.actualidadadiario.com\/index.php\/wp-json\/wp\/v2\/posts\/29157"}],"collection":[{"href":"https:\/\/www.actualidadadiario.com\/index.php\/wp-json\/wp\/v2\/posts"}],"about":[{"href":"https:\/\/www.actualidadadiario.com\/index.php\/wp-json\/wp\/v2\/types\/post"}],"author":[{"embeddable":true,"href":"https:\/\/www.actualidadadiario.com\/index.php\/wp-json\/wp\/v2\/users\/3"}],"replies":[{"embeddable":true,"href":"https:\/\/www.actualidadadiario.com\/index.php\/wp-json\/wp\/v2\/comments?post=29157"}],"version-history":[{"count":1,"href":"https:\/\/www.actualidadadiario.com\/index.php\/wp-json\/wp\/v2\/posts\/29157\/revisions"}],"predecessor-version":[{"id":29159,"href":"https:\/\/www.actualidadadiario.com\/index.php\/wp-json\/wp\/v2\/posts\/29157\/revisions\/29159"}],"wp:featuredmedia":[{"embeddable":true,"href":"https:\/\/www.actualidadadiario.com\/index.php\/wp-json\/wp\/v2\/media\/29158"}],"wp:attachment":[{"href":"https:\/\/www.actualidadadiario.com\/index.php\/wp-json\/wp\/v2\/media?parent=29157"}],"wp:term":[{"taxonomy":"category","embeddable":true,"href":"https:\/\/www.actualidadadiario.com\/index.php\/wp-json\/wp\/v2\/categories?post=29157"},{"taxonomy":"post_tag","embeddable":true,"href":"https:\/\/www.actualidadadiario.com\/index.php\/wp-json\/wp\/v2\/tags?post=29157"}],"curies":[{"name":"wp","href":"https:\/\/api.w.org\/{rel}","templated":true}]}}