{"id":2915,"date":"2016-10-19T09:33:29","date_gmt":"2016-10-19T12:33:29","guid":{"rendered":"http:\/\/actualidadadiario.com\/site\/?p=2915"},"modified":"2016-10-19T09:33:29","modified_gmt":"2016-10-19T12:33:29","slug":"estela-de-carlotto-hoy-en-parana","status":"publish","type":"post","link":"https:\/\/www.actualidadadiario.com\/index.php\/2016\/10\/19\/estela-de-carlotto-hoy-en-parana\/","title":{"rendered":"Estela de Carlotto, hoy en Paran\u00e1"},"content":{"rendered":"<p><em><strong>La titular de Abuelas de Plaza de Mayo ser\u00e1 parte del panel de apertura del VII Congreso Nacional de Extensi\u00f3n Universitaria que organiza Uader<\/strong><\/em><\/p>\n<p>&nbsp;<\/p>\n<p>&nbsp;<\/p>\n<p>&nbsp;<\/p>\n<p>La fundadora de Abuelas de Plaza de Mayo, Estela de Carlota, estar\u00e1 este mi\u00e9rcoles en Paran\u00e1 participando del panel de apertura del VII Congreso Nacional de Extensi\u00f3n Universitaria que organiza la Universidad Aut\u00f3noma de Entre R\u00edos (Uader).<\/p>\n<p>&nbsp;<\/p>\n<p>El encuentro nacional de extensionistas, con la participaci\u00f3n de especialistas en el tema de todo el pa\u00eds y el continente, tendr\u00e1 su ceremonia de apertura a las 12 en la Escuela Normal Jos\u00e9 Mar\u00eda Torres.<\/p>\n<p>&nbsp;<\/p>\n<p>Luego, para la primera conferencia, a las 15, ser\u00e1 protagonista la dirigente social que recibi\u00f3 en 2013 el t\u00edtulo Doctor Honoris Causa de la Universidad. En su conferencia, Carlotto abordar\u00e1 el tema \u201cDerechos humanos e intervenciones universitarias. Pr\u00e1cticas en contextos actuales\u201d.<\/p>\n<p>&nbsp;<\/p>\n<p>Junto a Carlotto, disertar\u00e1n la ex editora del Centro Editor de Am\u00e9rica Latina, Amanda Toubes (condecorada como Profesora Honor\u00edfica por la UADER) y la fundadora de la Asamblea Permanente por los Derechos Humanos, Noem\u00ed Labrune. De moderadora, oficiar\u00e1 la Decana de la Facultad de Humanidades, Artes y Ciencias Sociales, Mg. Rosario Badano.<\/p>\n<p>&nbsp;<\/p>\n<p>&nbsp;<\/p>\n<p>&nbsp;<\/p>\n<p><strong>Adhesi\u00f3n al paro de mujeres<\/strong><\/p>\n<p>El Comit\u00e9 Organizador del Congreso inform\u00f3 que la conferencia prevista para las 17 se pospone para las 18:30.<\/p>\n<p>&nbsp;<\/p>\n<p>El cambio en el programa obedece a que Uader adhiere a la concentraci\u00f3n y marcha \u201c\u00a1Nosotras Paramos!\u201d, e invitar\u00e1 a los participantes a sumarse a la Plaza 1\u00ba de Mayo para movilizarse \u201cante la impunidad de la violencia mis\u00f3gina, machista y patriarcal\u201d.<\/p>\n<p>&nbsp;<\/p>\n<p>Asimismo, las intervenciones culturales anunciadas a las 19:00 en ese mismo lugar, fueron suspendidas.<\/p>\n","protected":false},"excerpt":{"rendered":"<p>La titular de Abuelas de Plaza de Mayo ser\u00e1 parte del panel de apertura del VII Congreso Nacional de Extensi\u00f3n Universitaria que organiza Uader &nbsp; &nbsp; &nbsp; La fundadora de Abuelas de Plaza de Mayo, Estela de Carlota, estar\u00e1 este mi\u00e9rcoles en Paran\u00e1 participando del panel de apertura del VII Congreso Nacional de Extensi\u00f3n Universitaria que organiza la Universidad Aut\u00f3noma de Entre R\u00edos (Uader). &nbsp; El encuentro nacional de extensionistas, con la participaci\u00f3n de especialistas en el tema de todo el pa\u00eds y el continente, tendr\u00e1 su ceremonia de apertura&#8230;<\/p>\n","protected":false},"author":3,"featured_media":2916,"comment_status":"closed","ping_status":"closed","sticky":false,"template":"","format":"standard","meta":[],"categories":[4],"tags":[],"_links":{"self":[{"href":"https:\/\/www.actualidadadiario.com\/index.php\/wp-json\/wp\/v2\/posts\/2915"}],"collection":[{"href":"https:\/\/www.actualidadadiario.com\/index.php\/wp-json\/wp\/v2\/posts"}],"about":[{"href":"https:\/\/www.actualidadadiario.com\/index.php\/wp-json\/wp\/v2\/types\/post"}],"author":[{"embeddable":true,"href":"https:\/\/www.actualidadadiario.com\/index.php\/wp-json\/wp\/v2\/users\/3"}],"replies":[{"embeddable":true,"href":"https:\/\/www.actualidadadiario.com\/index.php\/wp-json\/wp\/v2\/comments?post=2915"}],"version-history":[{"count":1,"href":"https:\/\/www.actualidadadiario.com\/index.php\/wp-json\/wp\/v2\/posts\/2915\/revisions"}],"predecessor-version":[{"id":2917,"href":"https:\/\/www.actualidadadiario.com\/index.php\/wp-json\/wp\/v2\/posts\/2915\/revisions\/2917"}],"wp:featuredmedia":[{"embeddable":true,"href":"https:\/\/www.actualidadadiario.com\/index.php\/wp-json\/wp\/v2\/media\/2916"}],"wp:attachment":[{"href":"https:\/\/www.actualidadadiario.com\/index.php\/wp-json\/wp\/v2\/media?parent=2915"}],"wp:term":[{"taxonomy":"category","embeddable":true,"href":"https:\/\/www.actualidadadiario.com\/index.php\/wp-json\/wp\/v2\/categories?post=2915"},{"taxonomy":"post_tag","embeddable":true,"href":"https:\/\/www.actualidadadiario.com\/index.php\/wp-json\/wp\/v2\/tags?post=2915"}],"curies":[{"name":"wp","href":"https:\/\/api.w.org\/{rel}","templated":true}]}}