{"id":29143,"date":"2018-06-26T10:25:41","date_gmt":"2018-06-26T13:25:41","guid":{"rendered":"https:\/\/www.actualidadadiario.com\/?p=29143"},"modified":"2018-11-06T19:43:09","modified_gmt":"2018-11-06T22:43:09","slug":"pena-responde-manana-ante-el-senado-y-se-cruzaria-con-cristina","status":"publish","type":"post","link":"https:\/\/www.actualidadadiario.com\/index.php\/2018\/06\/26\/pena-responde-manana-ante-el-senado-y-se-cruzaria-con-cristina\/","title":{"rendered":"Pe\u00f1a responde ma\u00f1ana ante el Senado y se cruzar\u00eda con Cristina"},"content":{"rendered":"<p><em><strong>El jefe de Gabinete, Marcos Pe\u00f1a, estar\u00e1 ma\u00f1ana en el recinto del Senado para dar su informe de gesti\u00f3n. Su presencia, prevista desde las 17, se dar\u00e1 en medio de la crisis desatada hace dos meses por la corrida cambiaria, luego del contundente paro general de la CGT, y mientras el Gobierno intenta comenzar a negociar el Presupuesto 2019 con sectores opositores que miran con desconfianza el ajuste prometido al Fondo Monetario Internacional (FMI) y ya avisaron que intentar\u00e1n frenarlo. En ese contexto, Pe\u00f1a podr\u00eda cruzarse por primera vez en el recinto de la C\u00e1mara alta con la ex presidenta Cristina Fern\u00e1ndez de Kirchner<\/strong><\/em><\/p>\n<p>&nbsp;<\/p>\n<p>&nbsp;<\/p>\n<p>&nbsp;<\/p>\n<p>A diferencia del primer informe del jefe de Gabinete ante el Senado, cuando en el entorno de la senadora por Buenos Aires evitaban precisiones sobre su participaci\u00f3n en la sesi\u00f3n informativa, ayer fuentes cercanas a la ex mandataria aseguraron a El Cronista que Cristina &#8220;seguramente estar\u00e1&#8221; presente ma\u00f1ana en el recinto para cuestionar al funcionario.<\/p>\n<p>&nbsp;<\/p>\n<p>En la antesala de ese informe, los senadores sesionar\u00e1n para dar acuerdo a algunas designaciones solicitadas por la Casa Rosada y podr\u00edan terminar cruz\u00e1ndose por el giro a comisiones del proyecto para legalizar el aborto, si no hay una resoluci\u00f3n de consenso antes de llegar al recinto.<\/p>\n<p>&nbsp;<\/p>\n<p>Hoy a las 18 en la reuni\u00f3n de labor parlamentaria que compartir\u00e1n los presidentes de los bloques con la vicepresidenta Gabriela Michetti, el bloque Justicialista de Miguel Pichetto y el PJ-Frente para la Victoria, a cargo de Marcelo Fuentes, reiterar\u00e1n lo que ya expresaron p\u00fablica y formalmente: que est\u00e1n en desacuerdo con la decisi\u00f3n de Michetti de girar la legalizaci\u00f3n del aborto a cuatro comisiones, entre ellas las de Asuntos Constitucionales y Presupuesto.<\/p>\n<p>&nbsp;<\/p>\n<p>Seg\u00fan advirti\u00f3 el propio Pichetto la semana pasada, si la vicepresidenta no rev\u00e9 su decisi\u00f3n, es probable que su sector impulse una votaci\u00f3n en el recinto ma\u00f1ana mismo, para zanjar la cuesti\u00f3n. Si eso sucede, la previa del informe de Pe\u00f1a quedar\u00e1 signada por las tensiones que provoc\u00f3 al interior del Congreso el proyecto para legalizar el aborto y que mantiene en vilo al propio interbloque Cambiemos, con discusiones privadas y p\u00fablicas entre algunos de sus integrantes m\u00e1s notorios.<\/p>\n","protected":false},"excerpt":{"rendered":"<p>El jefe de Gabinete, Marcos Pe\u00f1a, estar\u00e1 ma\u00f1ana en el recinto del Senado para dar su informe de gesti\u00f3n. Su presencia, prevista desde las 17, se dar\u00e1 en medio de la crisis desatada hace dos meses por la corrida cambiaria, luego del contundente paro general de la CGT, y mientras el Gobierno intenta comenzar a negociar el Presupuesto 2019 con sectores opositores que miran con desconfianza el ajuste prometido al Fondo Monetario Internacional (FMI) y ya avisaron que intentar\u00e1n frenarlo. En ese contexto, Pe\u00f1a podr\u00eda cruzarse por primera vez en&#8230;<\/p>\n","protected":false},"author":3,"featured_media":27569,"comment_status":"closed","ping_status":"closed","sticky":false,"template":"","format":"standard","meta":[],"categories":[18],"tags":[],"_links":{"self":[{"href":"https:\/\/www.actualidadadiario.com\/index.php\/wp-json\/wp\/v2\/posts\/29143"}],"collection":[{"href":"https:\/\/www.actualidadadiario.com\/index.php\/wp-json\/wp\/v2\/posts"}],"about":[{"href":"https:\/\/www.actualidadadiario.com\/index.php\/wp-json\/wp\/v2\/types\/post"}],"author":[{"embeddable":true,"href":"https:\/\/www.actualidadadiario.com\/index.php\/wp-json\/wp\/v2\/users\/3"}],"replies":[{"embeddable":true,"href":"https:\/\/www.actualidadadiario.com\/index.php\/wp-json\/wp\/v2\/comments?post=29143"}],"version-history":[{"count":1,"href":"https:\/\/www.actualidadadiario.com\/index.php\/wp-json\/wp\/v2\/posts\/29143\/revisions"}],"predecessor-version":[{"id":29144,"href":"https:\/\/www.actualidadadiario.com\/index.php\/wp-json\/wp\/v2\/posts\/29143\/revisions\/29144"}],"wp:featuredmedia":[{"embeddable":true,"href":"https:\/\/www.actualidadadiario.com\/index.php\/wp-json\/wp\/v2\/media\/27569"}],"wp:attachment":[{"href":"https:\/\/www.actualidadadiario.com\/index.php\/wp-json\/wp\/v2\/media?parent=29143"}],"wp:term":[{"taxonomy":"category","embeddable":true,"href":"https:\/\/www.actualidadadiario.com\/index.php\/wp-json\/wp\/v2\/categories?post=29143"},{"taxonomy":"post_tag","embeddable":true,"href":"https:\/\/www.actualidadadiario.com\/index.php\/wp-json\/wp\/v2\/tags?post=29143"}],"curies":[{"name":"wp","href":"https:\/\/api.w.org\/{rel}","templated":true}]}}