{"id":29140,"date":"2018-06-26T10:24:51","date_gmt":"2018-06-26T13:24:51","guid":{"rendered":"https:\/\/www.actualidadadiario.com\/?p=29140"},"modified":"2018-11-06T19:43:09","modified_gmt":"2018-11-06T22:43:09","slug":"macri-se-reunira-con-la-mesa-de-enlace-con-el-debate-por-las-retenciones-de-fondo","status":"publish","type":"post","link":"https:\/\/www.actualidadadiario.com\/index.php\/2018\/06\/26\/macri-se-reunira-con-la-mesa-de-enlace-con-el-debate-por-las-retenciones-de-fondo\/","title":{"rendered":"Macri se reunir\u00e1 con la Mesa de Enlace con el debate por las retenciones de fondo"},"content":{"rendered":"<p><em><strong>Luego que la Mesa de Enlace le enviar\u00e1 una carta al Presidente a ra\u00edz de las declaraciones del ministro de Hacienda, Nicol\u00e1s Dujovne el pasado 24 de mayo cuando dijo que la baja gradual a las retenciones de soja era una &#8220;opci\u00f3n&#8221;, Mauricio Macri confirm\u00f3 que recibir\u00e1 a las entidades del agro la semana pr\u00f3xima en la Casa Rosada. Antes los ruralistas pasaran a ver al ministro Luis Miguel Etchevehere<\/strong><\/em><\/p>\n<p>&nbsp;<\/p>\n<p>&nbsp;<\/p>\n<p>&nbsp;<\/p>\n<p>&nbsp;<\/p>\n<p>El anuncio del tan esperado encuentro se da justo cuando el pasado viernes los presidentes rurales decidieran mandar una nueva misiva para volver a pedir la reuni\u00f3n. Si bien no hay d\u00eda ni hora, las fuentes gremiales confirmaron que el mismo se har\u00e1 la semana que viene.<\/p>\n<p>&nbsp;<\/p>\n<p>Es m\u00e1s, las fuentes se adelantaron a decir que el Presidente afirmar\u00e1 que no tocar\u00e1 las retenciones.<\/p>\n<p>&nbsp;<\/p>\n<p>Sin embargo fuentes oficiales siguen sosteniendo que Dujovne insiste con posponer la devoluci\u00f3n pactada de los derechos de exportaci\u00f3n a la soja del 0,5% mensual y que hoy tributa el 27 por ciento al menos hasta 2019, y por el contrario desistir con la vuelta en el caso de los cereales del 10 por ciento, hasta nuevo aviso.<\/p>\n<p>&nbsp;<\/p>\n<p>Pero el Presidente, que est\u00e1 invitado a la inauguraci\u00f3n de la Rural de Palermo, sabe que si acepta el pedido de su ministro llegar\u00e1n los silbidos desde las tribunas a no ser que los productores entiendan los problemas de d\u00e9ficit del Gobierno. En agosto se volver\u00e1 a hablar del tema.<\/p>\n<p>&nbsp;<\/p>\n<p>Este ser\u00e1 uno de los temas a dilucidar por parte de la Mesa de Enlace ma\u00f1ana cuando sean recibidos por el titular de Agroindustria. El encuentro estaba previsto en principio para hoy.<\/p>\n","protected":false},"excerpt":{"rendered":"<p>Luego que la Mesa de Enlace le enviar\u00e1 una carta al Presidente a ra\u00edz de las declaraciones del ministro de Hacienda, Nicol\u00e1s Dujovne el pasado 24 de mayo cuando dijo que la baja gradual a las retenciones de soja era una &#8220;opci\u00f3n&#8221;, Mauricio Macri confirm\u00f3 que recibir\u00e1 a las entidades del agro la semana pr\u00f3xima en la Casa Rosada. Antes los ruralistas pasaran a ver al ministro Luis Miguel Etchevehere &nbsp; &nbsp; &nbsp; &nbsp; El anuncio del tan esperado encuentro se da justo cuando el pasado viernes los presidentes rurales&#8230;<\/p>\n","protected":false},"author":3,"featured_media":29141,"comment_status":"closed","ping_status":"closed","sticky":false,"template":"","format":"standard","meta":[],"categories":[18],"tags":[],"_links":{"self":[{"href":"https:\/\/www.actualidadadiario.com\/index.php\/wp-json\/wp\/v2\/posts\/29140"}],"collection":[{"href":"https:\/\/www.actualidadadiario.com\/index.php\/wp-json\/wp\/v2\/posts"}],"about":[{"href":"https:\/\/www.actualidadadiario.com\/index.php\/wp-json\/wp\/v2\/types\/post"}],"author":[{"embeddable":true,"href":"https:\/\/www.actualidadadiario.com\/index.php\/wp-json\/wp\/v2\/users\/3"}],"replies":[{"embeddable":true,"href":"https:\/\/www.actualidadadiario.com\/index.php\/wp-json\/wp\/v2\/comments?post=29140"}],"version-history":[{"count":1,"href":"https:\/\/www.actualidadadiario.com\/index.php\/wp-json\/wp\/v2\/posts\/29140\/revisions"}],"predecessor-version":[{"id":29142,"href":"https:\/\/www.actualidadadiario.com\/index.php\/wp-json\/wp\/v2\/posts\/29140\/revisions\/29142"}],"wp:featuredmedia":[{"embeddable":true,"href":"https:\/\/www.actualidadadiario.com\/index.php\/wp-json\/wp\/v2\/media\/29141"}],"wp:attachment":[{"href":"https:\/\/www.actualidadadiario.com\/index.php\/wp-json\/wp\/v2\/media?parent=29140"}],"wp:term":[{"taxonomy":"category","embeddable":true,"href":"https:\/\/www.actualidadadiario.com\/index.php\/wp-json\/wp\/v2\/categories?post=29140"},{"taxonomy":"post_tag","embeddable":true,"href":"https:\/\/www.actualidadadiario.com\/index.php\/wp-json\/wp\/v2\/tags?post=29140"}],"curies":[{"name":"wp","href":"https:\/\/api.w.org\/{rel}","templated":true}]}}