{"id":29137,"date":"2018-06-26T10:23:46","date_gmt":"2018-06-26T13:23:46","guid":{"rendered":"https:\/\/www.actualidadadiario.com\/?p=29137"},"modified":"2018-11-06T19:43:09","modified_gmt":"2018-11-06T22:43:09","slug":"gobernadores-peronistas-aseguraron-que-el-paro-fue-una-senal-para-la-casa-rosada","status":"publish","type":"post","link":"https:\/\/www.actualidadadiario.com\/index.php\/2018\/06\/26\/gobernadores-peronistas-aseguraron-que-el-paro-fue-una-senal-para-la-casa-rosada\/","title":{"rendered":"Gobernadores peronistas aseguraron que el paro fue &#8220;una se\u00f1al&#8221; para la Casa Rosada"},"content":{"rendered":"<p><em><strong>Mandatarios provinciales del PJ coincidieron en el llamado &#8220;a la reflexi\u00f3n&#8221; a la administraci\u00f3n macrista y destacaron la contundencia de la medida de fuerza<\/strong><\/em><\/p>\n<p>&nbsp;<\/p>\n<p>&nbsp;<\/p>\n<p>&nbsp;<\/p>\n<p>Varios gobernadores de la oposici\u00f3n opinaron luego del alto acatamiento que tuvo el paro nacional de 24 horas que llev\u00f3 a cabo este lunes la CGT con la adhesi\u00f3n de otras centrales y organizaciones.<\/p>\n<p>&nbsp;<\/p>\n<p>En general, los mandatarios provinciales peronistas enviaron a la Casa Rosada mensajes tendientes a reclamar un replanteo de las pol\u00edticas que se implementan desde el Poder Ejecutivo Nacional.<\/p>\n<p>&nbsp;<\/p>\n<p>Uno de ellos fue el chaque\u00f1o Domingo Peppo, quien manifest\u00f3 que la huelga constituye &#8220;una se\u00f1al para el Gobierno nacional, que debe tomar nota que a la gente le est\u00e1 afectando y mucho la situaci\u00f3n que vive el pa\u00eds, con una inflaci\u00f3n que rondar\u00e1 el 30%&#8221;.<\/p>\n<p>&nbsp;<\/p>\n<p>En el mismo sentido, Sergio U\u00f1ac, de San Juan, destac\u00f3 que &#8220;el paro tuvo a nivel nacional una contundencia que debe llamar a la reflexi\u00f3n, especialmente al Gobierno nacional&#8221;.<\/p>\n<p>&nbsp;<\/p>\n<p>Desde Chubut, Mariano Arcioni tambi\u00e9n hizo llegar su opini\u00f3n y expres\u00f3 que &#8220;el paro general nacional es parte de las se\u00f1ales que hay que saber o\u00edr&#8221;.<\/p>\n<p>&nbsp;<\/p>\n<p>Por su parte, Osvaldo Jaldo, vicegobernador de Tucum\u00e1n consider\u00f3 necesario que &#8220;el Gobierno nacional empiece a escuchar a los sectores perjudicados&#8221;.<\/p>\n<p>&nbsp;<\/p>\n<p>La voz disidente fue la del salte\u00f1o Juan Manuel Urtubey, quien consultado por la medida de fuerza afirm\u00f3: &#8220;Los paros son una herramienta leg\u00edtima, pero para m\u00ed no sirven mucho&#8221;.<\/p>\n","protected":false},"excerpt":{"rendered":"<p>Mandatarios provinciales del PJ coincidieron en el llamado &#8220;a la reflexi\u00f3n&#8221; a la administraci\u00f3n macrista y destacaron la contundencia de la medida de fuerza &nbsp; &nbsp; &nbsp; Varios gobernadores de la oposici\u00f3n opinaron luego del alto acatamiento que tuvo el paro nacional de 24 horas que llev\u00f3 a cabo este lunes la CGT con la adhesi\u00f3n de otras centrales y organizaciones. &nbsp; En general, los mandatarios provinciales peronistas enviaron a la Casa Rosada mensajes tendientes a reclamar un replanteo de las pol\u00edticas que se implementan desde el Poder Ejecutivo Nacional&#8230;.<\/p>\n","protected":false},"author":3,"featured_media":29138,"comment_status":"closed","ping_status":"closed","sticky":false,"template":"","format":"standard","meta":[],"categories":[9,18],"tags":[],"_links":{"self":[{"href":"https:\/\/www.actualidadadiario.com\/index.php\/wp-json\/wp\/v2\/posts\/29137"}],"collection":[{"href":"https:\/\/www.actualidadadiario.com\/index.php\/wp-json\/wp\/v2\/posts"}],"about":[{"href":"https:\/\/www.actualidadadiario.com\/index.php\/wp-json\/wp\/v2\/types\/post"}],"author":[{"embeddable":true,"href":"https:\/\/www.actualidadadiario.com\/index.php\/wp-json\/wp\/v2\/users\/3"}],"replies":[{"embeddable":true,"href":"https:\/\/www.actualidadadiario.com\/index.php\/wp-json\/wp\/v2\/comments?post=29137"}],"version-history":[{"count":1,"href":"https:\/\/www.actualidadadiario.com\/index.php\/wp-json\/wp\/v2\/posts\/29137\/revisions"}],"predecessor-version":[{"id":29139,"href":"https:\/\/www.actualidadadiario.com\/index.php\/wp-json\/wp\/v2\/posts\/29137\/revisions\/29139"}],"wp:featuredmedia":[{"embeddable":true,"href":"https:\/\/www.actualidadadiario.com\/index.php\/wp-json\/wp\/v2\/media\/29138"}],"wp:attachment":[{"href":"https:\/\/www.actualidadadiario.com\/index.php\/wp-json\/wp\/v2\/media?parent=29137"}],"wp:term":[{"taxonomy":"category","embeddable":true,"href":"https:\/\/www.actualidadadiario.com\/index.php\/wp-json\/wp\/v2\/categories?post=29137"},{"taxonomy":"post_tag","embeddable":true,"href":"https:\/\/www.actualidadadiario.com\/index.php\/wp-json\/wp\/v2\/tags?post=29137"}],"curies":[{"name":"wp","href":"https:\/\/api.w.org\/{rel}","templated":true}]}}