{"id":29134,"date":"2018-06-26T10:23:03","date_gmt":"2018-06-26T13:23:03","guid":{"rendered":"https:\/\/www.actualidadadiario.com\/?p=29134"},"modified":"2018-11-06T19:43:09","modified_gmt":"2018-11-06T22:43:09","slug":"contundente-mensaje-de-la-cgt-al-gobierno-paramos-para-poder-seguir-trabajando","status":"publish","type":"post","link":"https:\/\/www.actualidadadiario.com\/index.php\/2018\/06\/26\/contundente-mensaje-de-la-cgt-al-gobierno-paramos-para-poder-seguir-trabajando\/","title":{"rendered":"Contundente mensaje de la CGT al Gobierno: \u201cParamos para poder seguir trabajando&#8221;"},"content":{"rendered":"<p><em><strong>En conferencia de prensa, el triunviro de la central obrera destac\u00f3 que la medida de fuerza tiene un &#8220;alt\u00edsimo acatamiento&#8221; y explic\u00f3 que \u201cel descontento ha desbordado el encuadramiento sindical\u201d, porque el Ejecutivo tiene que &#8220;cambiar el modelo econ\u00f3mico que est\u00e1 llevando al desastre al pueblo argentino&#8221;. La dura respuesta a Marcos Pe\u00f1a<\/strong><\/em><\/p>\n<p>&nbsp;<\/p>\n<p>&nbsp;<\/p>\n<p>&nbsp;<\/p>\n<p>Tras las fuertes e ir\u00f3nicas frases que los principales funcionarios del gobierno nacional dispararon desde temprano, el triunvirato de conducci\u00f3n de la Confederaci\u00f3n General del Trabajo (CGT) sali\u00f3 a defender el paro nacional al sostener que tiene un &#8220;alt\u00edsimo acatamiento&#8221; y le respondi\u00f3 al Ejecutivo que la medida de fuerza, ante los negativos \u00edndices laborales informados por el propio INDEC, es &#8220;para poder seguir trabajando&#8221;.<\/p>\n<p>&nbsp;<\/p>\n<p>\u201cPara que nadie tenga lugar a dudas: paramos para poder seguir trabajando&#8221;, dispar\u00f3 Juan Carlos Schmid, uno de los triunviros, que inici\u00f3 la conferencia de prensa en la que desde la central obrera aseguraron que el paro nacional que llevan adelante tuvo un \u201calt\u00edsimo acatamiento\u201d y afirmaron que la medida significa \u201cel fracaso del di\u00e1logo social y de la pol\u00edtica\u201d por parte del gobierno de Mauricio Macri.<\/p>\n<p>&nbsp;<\/p>\n<p>\u201cSe est\u00e1 desarrollando un paro en toda la Argentina con un alt\u00edsimo nivel de acatamiento. Un paro general en un pa\u00eds significa el fracaso del di\u00e1logo social y de la pol\u00edtica. La CGT ha llegado a esta determinaci\u00f3n despu\u00e9s de haber agotado todas las instancias en los diversos planos institucionales para encontrar alternativas&#8221;, asegur\u00f3.<\/p>\n<p>&nbsp;<\/p>\n<p>En lo que fue una de las respuestas de los dirigentes gremiales a las descalificaciones que distintos funcionarios lanzaron desde la ma\u00f1ana, el sindicalista explic\u00f3 que \u201cla protesta, el malestar, el descontento ha desbordado el encuadramiento sindical\u201d y que, por eso, \u201choy hay gente de peque\u00f1os comercios, propietarios, como han podido se est\u00e1n manifestando en contra de los efectos que se producen como resultado del desorden econ\u00f3mico al que este Gobierno ha llevado a la econom\u00eda\u201d.<\/p>\n<p>&nbsp;<\/p>\n<p>\u201cEl gobierno tiene que corregir el programa econ\u00f3mico, m\u00e1s all\u00e1 del convenio colectivo, de la paritaria, de la reforma laboral, hay que cambiar el modelo econ\u00f3mico que est\u00e1 llevando al desastre al pueblo argentino. Esperemos que el gobierno, que repite como loro que est\u00e1 abierto al di\u00e1logo, que tambi\u00e9n diga que tiene voluntad y ganas de cambiar y darle otra suerte a nuestro pueblo\u201d, agreg\u00f3.<\/p>\n<p>&nbsp;<\/p>\n<p>Por su parte, H\u00e9ctor Daer, el segundo triunviro en tomar la palabra, apunt\u00f3 contra la pol\u00edtica econ\u00f3mica del Gobierno y tambi\u00e9n contra industriales y comerciantes.<\/p>\n<p>&nbsp;<\/p>\n<p>\u201cQueremos que administren de forma coherente el comercio exterior, no puede ser que nos entre todo, hasta los caramelos nos vienen de afuera y no tenemos capacidad de defender nuestra industria. Y queremos decirle a los industriales tambi\u00e9n que no especulen, y a los comerciantes, sobre todo a los grandes supermercados, que se convirtieron en importadores de productos que no vengan ahora a remarcar y a dolarizar toda la econom\u00eda porque los salarios de los trabajadores no est\u00e1n dolarizados\u201d, dispar\u00f3.<\/p>\n<p>&nbsp;<\/p>\n<p>Carlos Acu\u00f1a enfatiz\u00f3 que se trata de un mensaje a Macri: \u201cHay una nueva oportunidad, espero que este Gobierno haya le\u00eddo el paro de hoy. Los dirigentes gremiales no son los que paran a la gente, porque podemos convocar al paro que queramos pero si la gente est\u00e1 bien, no va a parar&#8221;.<\/p>\n<p>&nbsp;<\/p>\n<p>&#8220;Esta CGT va a seguir teniendo al prudencia que debe tener pero los tiempos son cada vez m\u00e1s cortos porque el hambre no espera&#8221;, advirti\u00f3 Acu\u00f1a finalmente a su turno.<\/p>\n<p>&nbsp;<\/p>\n<p>Ante la ronda de preguntas, lleg\u00f3 un momento tenso cuando los dirigentes fueron consultados acerca de las palabras de Marcos Pe\u00f1a, el jefe de Gabinete, que por la ma\u00f1ana hab\u00eda atribuido el paro general a que la CGT es del Partido Justicialista (PJ).<\/p>\n<p>&nbsp;<\/p>\n<p>\u201cSomos peronistas, y eso no cabe dudas. A veces brotan los pelos en todo el cuerpo, ese es el tema&#8221;, dispar\u00f3 Daer en una clara chicana respecto del &#8220;gorilismo&#8221; de Pe\u00f1a, y agreg\u00f3: &#8220;Pero cabe recordar que cuando el actual Presidente era candidato, fue a la inauguraci\u00f3n con tres personas m\u00e1s de una estatua del general Juan Domingo Per\u00f3n\u201d.<\/p>\n","protected":false},"excerpt":{"rendered":"<p>En conferencia de prensa, el triunviro de la central obrera destac\u00f3 que la medida de fuerza tiene un &#8220;alt\u00edsimo acatamiento&#8221; y explic\u00f3 que \u201cel descontento ha desbordado el encuadramiento sindical\u201d, porque el Ejecutivo tiene que &#8220;cambiar el modelo econ\u00f3mico que est\u00e1 llevando al desastre al pueblo argentino&#8221;. La dura respuesta a Marcos Pe\u00f1a &nbsp; &nbsp; &nbsp; Tras las fuertes e ir\u00f3nicas frases que los principales funcionarios del gobierno nacional dispararon desde temprano, el triunvirato de conducci\u00f3n de la Confederaci\u00f3n General del Trabajo (CGT) sali\u00f3 a defender el paro nacional al&#8230;<\/p>\n","protected":false},"author":3,"featured_media":29135,"comment_status":"closed","ping_status":"closed","sticky":false,"template":"","format":"standard","meta":[],"categories":[18],"tags":[],"_links":{"self":[{"href":"https:\/\/www.actualidadadiario.com\/index.php\/wp-json\/wp\/v2\/posts\/29134"}],"collection":[{"href":"https:\/\/www.actualidadadiario.com\/index.php\/wp-json\/wp\/v2\/posts"}],"about":[{"href":"https:\/\/www.actualidadadiario.com\/index.php\/wp-json\/wp\/v2\/types\/post"}],"author":[{"embeddable":true,"href":"https:\/\/www.actualidadadiario.com\/index.php\/wp-json\/wp\/v2\/users\/3"}],"replies":[{"embeddable":true,"href":"https:\/\/www.actualidadadiario.com\/index.php\/wp-json\/wp\/v2\/comments?post=29134"}],"version-history":[{"count":1,"href":"https:\/\/www.actualidadadiario.com\/index.php\/wp-json\/wp\/v2\/posts\/29134\/revisions"}],"predecessor-version":[{"id":29136,"href":"https:\/\/www.actualidadadiario.com\/index.php\/wp-json\/wp\/v2\/posts\/29134\/revisions\/29136"}],"wp:featuredmedia":[{"embeddable":true,"href":"https:\/\/www.actualidadadiario.com\/index.php\/wp-json\/wp\/v2\/media\/29135"}],"wp:attachment":[{"href":"https:\/\/www.actualidadadiario.com\/index.php\/wp-json\/wp\/v2\/media?parent=29134"}],"wp:term":[{"taxonomy":"category","embeddable":true,"href":"https:\/\/www.actualidadadiario.com\/index.php\/wp-json\/wp\/v2\/categories?post=29134"},{"taxonomy":"post_tag","embeddable":true,"href":"https:\/\/www.actualidadadiario.com\/index.php\/wp-json\/wp\/v2\/tags?post=29134"}],"curies":[{"name":"wp","href":"https:\/\/api.w.org\/{rel}","templated":true}]}}