{"id":29131,"date":"2018-06-26T10:22:10","date_gmt":"2018-06-26T13:22:10","guid":{"rendered":"https:\/\/www.actualidadadiario.com\/?p=29131"},"modified":"2018-11-06T19:43:09","modified_gmt":"2018-11-06T22:43:09","slug":"la-cta-le-respondio-al-gobierno-los-evasores-cuestan-mas-que-el-paro","status":"publish","type":"post","link":"https:\/\/www.actualidadadiario.com\/index.php\/2018\/06\/26\/la-cta-le-respondio-al-gobierno-los-evasores-cuestan-mas-que-el-paro\/","title":{"rendered":"La CTA le respondi\u00f3 al Gobierno: &#8220;Los evasores cuestan m\u00e1s que el paro&#8221;"},"content":{"rendered":"<p><em><strong>En conferencia de prensa, Hugo Yasky y Pablo Micheli cruzaron a los funcionarios que brindaron cifras por los costos de la medida<\/strong><\/em><\/p>\n<p>&nbsp;<\/p>\n<p>&nbsp;<\/p>\n<p>&nbsp;<\/p>\n<p>El tercer paro general contra la administraci\u00f3n de Mauricio Macri es el m\u00e1s contundente desde que Cambiemos accedi\u00f3 a la Casa Rosada. En conferencia de prensa, Hugo Yasky y Pablo Micheli, de las dos CTA se refirieron al alto acatamiento de la medida de fuerza y tambi\u00e9n aprovecharon para salir a responderles a los funcionarios del oficialismo que criticaron el freno a la Econom\u00eda, que costar\u00eda, seg\u00fan los n\u00fameros filtrados por el ministerio de Hacienda, cerca de 29 mil millones de pesos.<\/p>\n<p>&nbsp;<\/p>\n<p>&#8220;Los evasores como Dujovne cuestan m\u00e1s que el paro&#8221;, dijo Yasky al iniciar la conferencia. Luego, el diputado de Unidad Ciudadana se\u00f1al\u00f3 que &#8220;el pueblo no quiere al FMI interfiriendo en las decisiones econ\u00f3micas, no quiere m\u00e1s ajustes, no quiere m\u00e1s tarifazos y por supuesto, el reclamo de las paritarias&#8221;.<\/p>\n<p>&nbsp;<\/p>\n<p>Minutos antes, en di\u00e1logo con radio Led, el secretario general de la CTA de los Trabajadores hab\u00eda explicado que los reclamos de la huelga son \u201cb\u00e1sicamente el rechazo a la pol\u00edtica que significa ponerle un techo del 15 por ciento a las paritarias, el reclamo de reactivaci\u00f3n de la econom\u00eda para que la peque\u00f1a y mediana empresa vuelva a generar puestos de trabajo, el rechazo a la firma con el FMI y la defensa irrestricta de las leyes laborales\u201d.<\/p>\n<p>&nbsp;<\/p>\n<p>Por su parte, el l\u00edder de la CTA Aut\u00f3noma Pablo Micheli, anticip\u00f3: &#8220;No vamos a abandonar la calle&#8221;. En otro tramo, advirti\u00f3 que &#8220;no va a haber reforma laboral, mientras este pueblo d\u00e9 la respuesta como la que est\u00e1 dando hoy&#8221;. Para \u00e9l, no existen dudas de que &#8220;este modelo econ\u00f3mico nos lleva al abismo&#8221;. Adem\u00e1s, se refiri\u00f3 al \u00fanico gremio que no par\u00f3 en la Argentina, los ruralistas de UATRE, el gremio aliado del Presidente: &#8220;No paran los grandes terratenientes que son los que se llenan de plata, pero el pueblo argentino est\u00e1&#8221;.<\/p>\n","protected":false},"excerpt":{"rendered":"<p>En conferencia de prensa, Hugo Yasky y Pablo Micheli cruzaron a los funcionarios que brindaron cifras por los costos de la medida &nbsp; &nbsp; &nbsp; El tercer paro general contra la administraci\u00f3n de Mauricio Macri es el m\u00e1s contundente desde que Cambiemos accedi\u00f3 a la Casa Rosada. En conferencia de prensa, Hugo Yasky y Pablo Micheli, de las dos CTA se refirieron al alto acatamiento de la medida de fuerza y tambi\u00e9n aprovecharon para salir a responderles a los funcionarios del oficialismo que criticaron el freno a la Econom\u00eda, que&#8230;<\/p>\n","protected":false},"author":3,"featured_media":29132,"comment_status":"closed","ping_status":"closed","sticky":false,"template":"","format":"standard","meta":[],"categories":[18],"tags":[],"_links":{"self":[{"href":"https:\/\/www.actualidadadiario.com\/index.php\/wp-json\/wp\/v2\/posts\/29131"}],"collection":[{"href":"https:\/\/www.actualidadadiario.com\/index.php\/wp-json\/wp\/v2\/posts"}],"about":[{"href":"https:\/\/www.actualidadadiario.com\/index.php\/wp-json\/wp\/v2\/types\/post"}],"author":[{"embeddable":true,"href":"https:\/\/www.actualidadadiario.com\/index.php\/wp-json\/wp\/v2\/users\/3"}],"replies":[{"embeddable":true,"href":"https:\/\/www.actualidadadiario.com\/index.php\/wp-json\/wp\/v2\/comments?post=29131"}],"version-history":[{"count":1,"href":"https:\/\/www.actualidadadiario.com\/index.php\/wp-json\/wp\/v2\/posts\/29131\/revisions"}],"predecessor-version":[{"id":29133,"href":"https:\/\/www.actualidadadiario.com\/index.php\/wp-json\/wp\/v2\/posts\/29131\/revisions\/29133"}],"wp:featuredmedia":[{"embeddable":true,"href":"https:\/\/www.actualidadadiario.com\/index.php\/wp-json\/wp\/v2\/media\/29132"}],"wp:attachment":[{"href":"https:\/\/www.actualidadadiario.com\/index.php\/wp-json\/wp\/v2\/media?parent=29131"}],"wp:term":[{"taxonomy":"category","embeddable":true,"href":"https:\/\/www.actualidadadiario.com\/index.php\/wp-json\/wp\/v2\/categories?post=29131"},{"taxonomy":"post_tag","embeddable":true,"href":"https:\/\/www.actualidadadiario.com\/index.php\/wp-json\/wp\/v2\/tags?post=29131"}],"curies":[{"name":"wp","href":"https:\/\/api.w.org\/{rel}","templated":true}]}}