{"id":29128,"date":"2018-06-26T10:19:59","date_gmt":"2018-06-26T13:19:59","guid":{"rendered":"https:\/\/www.actualidadadiario.com\/?p=29128"},"modified":"2018-11-06T19:43:09","modified_gmt":"2018-11-06T22:43:09","slug":"la-escritora-margaret-atwood-reclamo-a-michetti-que-otorgue-a-las-mujeres-el-derecho-a-decidir","status":"publish","type":"post","link":"https:\/\/www.actualidadadiario.com\/index.php\/2018\/06\/26\/la-escritora-margaret-atwood-reclamo-a-michetti-que-otorgue-a-las-mujeres-el-derecho-a-decidir\/","title":{"rendered":"La escritora Margaret Atwood reclam\u00f3 a Michetti que &#8220;otorgue a las mujeres el derecho a decidir&#8221;"},"content":{"rendered":"<p><em><strong>El mensaje en Twitter de la canadiense, galardonada con el Premio Princesa de Asturias de las Letras en 2008, fue contundente<\/strong><\/em><\/p>\n<p>&nbsp;<\/p>\n<p>&nbsp;<\/p>\n<p>&nbsp;<\/p>\n<p>La c\u00e9lebre escritora canadiense Margaret Atwood utiliz\u00f3 este lunes su cuenta de Twitter para apoyar el proyecto de legalizaci\u00f3n del aborto en nuestro pa\u00eds y fue muy directa con la vicepresidenta de la Naci\u00f3n, Gabriela Michetti: &#8220;No aparte la vista de las miles de mujeres que mueren por a\u00f1o a causa de aborto ilegales&#8221;. A continuaci\u00f3n, la autora exigi\u00f3 a la presidenta del Senado que &#8220;otorgue a las mujeres el derecho a decidir&#8221;.<\/p>\n<p>&nbsp;<\/p>\n<p>&#8220;Las mujeres en la Argentina est\u00e1n luchando por sus derechos y sus vidas&#8221; escribi\u00f3 Atwood en su cuenta de Twitter @MargaretAtwood, quien destac\u00f3 que &#8220;si Irlanda pudo hacerlo, Argentina puede&#8221; y abog\u00f3 por el &#8220;aborto legal media sanci\u00f3n afirmativa&#8221; en el Senado. La escritora hac\u00eda referencia al pa\u00eds m\u00e1s cat\u00f3lico de Europa, donde el mes pasado en un refer\u00e9ndum 66,4% de la poblaci\u00f3n vot\u00f3 a favor de la legalizaci\u00f3n de esta pr\u00e1ctica.<\/p>\n<p>&nbsp;<\/p>\n<p>Michetti qued\u00f3 esta semana en el centro de la pol\u00e9mica al tomar, seg\u00fan sectores opositores, una decisi\u00f3n que demorar\u00eda el debate de la legalizaci\u00f3n del aborto en la C\u00e1mara de Senadores, que ella preside. La vicepresidenta se expres\u00f3 en contra de legalizar el aborto y lo hizo, incluso, junto a otros dirigentes de la coalici\u00f3n gobernante de centroderecha Cambiemos pocos d\u00edas antes del debate en Diputados.<\/p>\n<p>&nbsp;<\/p>\n<p>La vicepresidenta sostiene que la interrupci\u00f3n voluntaria del embarazo significar\u00e1 para el Estado argentino una importante erogaci\u00f3n porque la pr\u00e1ctica deber\u00e1 llevarse a cabo en los hospitales del sistema p\u00fablico de salud. Su decisi\u00f3n &#8220;constituye una maniobra dilatoria y excesiva&#8221;, dijeron las organizaciones agrupadas en la Campa\u00f1a Nacional por el Aborto Legal, Seguro y Gratuito, autora del proyecto aprobado en la C\u00e1mara de Diputados.<\/p>\n<p>&nbsp;<\/p>\n<p>El mensaje de Atwood, galardonada con el Premio Princesa de Asturias de las Letras en 2008, fue contundente.<\/p>\n","protected":false},"excerpt":{"rendered":"<p>El mensaje en Twitter de la canadiense, galardonada con el Premio Princesa de Asturias de las Letras en 2008, fue contundente &nbsp; &nbsp; &nbsp; La c\u00e9lebre escritora canadiense Margaret Atwood utiliz\u00f3 este lunes su cuenta de Twitter para apoyar el proyecto de legalizaci\u00f3n del aborto en nuestro pa\u00eds y fue muy directa con la vicepresidenta de la Naci\u00f3n, Gabriela Michetti: &#8220;No aparte la vista de las miles de mujeres que mueren por a\u00f1o a causa de aborto ilegales&#8221;. A continuaci\u00f3n, la autora exigi\u00f3 a la presidenta del Senado que &#8220;otorgue&#8230;<\/p>\n","protected":false},"author":3,"featured_media":29129,"comment_status":"closed","ping_status":"closed","sticky":false,"template":"","format":"standard","meta":[],"categories":[9],"tags":[],"_links":{"self":[{"href":"https:\/\/www.actualidadadiario.com\/index.php\/wp-json\/wp\/v2\/posts\/29128"}],"collection":[{"href":"https:\/\/www.actualidadadiario.com\/index.php\/wp-json\/wp\/v2\/posts"}],"about":[{"href":"https:\/\/www.actualidadadiario.com\/index.php\/wp-json\/wp\/v2\/types\/post"}],"author":[{"embeddable":true,"href":"https:\/\/www.actualidadadiario.com\/index.php\/wp-json\/wp\/v2\/users\/3"}],"replies":[{"embeddable":true,"href":"https:\/\/www.actualidadadiario.com\/index.php\/wp-json\/wp\/v2\/comments?post=29128"}],"version-history":[{"count":1,"href":"https:\/\/www.actualidadadiario.com\/index.php\/wp-json\/wp\/v2\/posts\/29128\/revisions"}],"predecessor-version":[{"id":29130,"href":"https:\/\/www.actualidadadiario.com\/index.php\/wp-json\/wp\/v2\/posts\/29128\/revisions\/29130"}],"wp:featuredmedia":[{"embeddable":true,"href":"https:\/\/www.actualidadadiario.com\/index.php\/wp-json\/wp\/v2\/media\/29129"}],"wp:attachment":[{"href":"https:\/\/www.actualidadadiario.com\/index.php\/wp-json\/wp\/v2\/media?parent=29128"}],"wp:term":[{"taxonomy":"category","embeddable":true,"href":"https:\/\/www.actualidadadiario.com\/index.php\/wp-json\/wp\/v2\/categories?post=29128"},{"taxonomy":"post_tag","embeddable":true,"href":"https:\/\/www.actualidadadiario.com\/index.php\/wp-json\/wp\/v2\/tags?post=29128"}],"curies":[{"name":"wp","href":"https:\/\/api.w.org\/{rel}","templated":true}]}}