{"id":29122,"date":"2018-06-26T10:18:14","date_gmt":"2018-06-26T13:18:14","guid":{"rendered":"https:\/\/www.actualidadadiario.com\/?p=29122"},"modified":"2018-11-06T19:43:09","modified_gmt":"2018-11-06T22:43:09","slug":"la-marea-verde-vuelve-a-tomar-impulso","status":"publish","type":"post","link":"https:\/\/www.actualidadadiario.com\/index.php\/2018\/06\/26\/la-marea-verde-vuelve-a-tomar-impulso\/","title":{"rendered":"La marea verde vuelve a tomar impulso"},"content":{"rendered":"<p><em><strong>Al mediod\u00eda, en el Congreso habr\u00e1 una conferencia de prensas de la Campa\u00f1a, legisladoras, legisladores y referentes que impulsan la legalizaci\u00f3n. Al atardecer, un pa\u00f1uelazo federal. Profesionales de la salud por el derecho a decidir confrontaron a los antiderechos<\/strong><\/em><\/p>\n<p>&nbsp;<\/p>\n<p>&nbsp;<\/p>\n<p>&nbsp;<\/p>\n<p>\u201cNegar el acceso a un aborto seguro (realidad de la vida sexual de millones de personas con capacidad de gestar) es una pr\u00e1ctica violenta y de poder ejercida por algunos\/as profesionales de la salud. Se ocultan detr\u00e1s de lo que llaman derecho, cuando a las claras est\u00e1 que es solo un lugar de privilegio, porque el derecho de una persona no puede ser superior jam\u00e1s al derecho a una vida digna de otra. Y abortar de forma segura, sin miedo a morir, sin estar condenadas a la clandestinidad, a la tortura, a la soledad, es un derecho b\u00e1sico\u201d, se\u00f1al\u00f3 en un comunicado la Red de Profesionales de la Salud por el Derecho a Decidir (RPSDD). La declaraci\u00f3n, firmada por la entidad que nuclea a \u201cm\u00e1s de 800 profesionales de la salud de todo el pa\u00eds\u201d, se dio a conocer ayer, en v\u00edsperas de una jornada de acciones por la legalizaci\u00f3n del aborto, que comenzar\u00e1 hoy a las 13.30 en el Senado con una conferencia de prensa para exigir \u201cel tratamiento sin dilaciones\u201d del proyecto ya sancionado por Diputados. Al atardecer, ser\u00e1 el turno del \u201cPa\u00f1uelazo federal\u201d, la convocatoria de la Campa\u00f1a por el Derecho al Aborto que fue tomada por colectivos de todo el pa\u00eds y result\u00f3 en cronograma de un mapa de manifestaciones, pa\u00f1uelo verde mediante, en plazas de punta a punta de la Argentina.<\/p>\n<p>&nbsp;<\/p>\n<p>El documento de la Red refiere el marco legal vigente, \u201cante las serias declaraciones p\u00fablicas que est\u00e1n haciendo muchos grupos de profesionales de la salud antiderechos, violando leyes existentes\u201d.\u00a0 Adem\u00e1s, recuerda que \u201clos derechos sexuales y reproductivos son reconocidos como parte de los derechos humanos\u201d. \u201cLxs m\u00e1s de 800 profesionales de la salud de todo el pa\u00eds (\u2026) hace a\u00f1os que venimos garantizando el acceso a estos derechos. La diferencia con los grupos antiderechos radica en que nosotrxs hacemos uso de las leyes vigentes para garantizar atenci\u00f3n de calidad y encuadrada en los derechos humanos vigentes.\u00a0 Acompa\u00f1amos a las personas gestantes en lo que sea que decidan, que ellas decidan. Trabajamos a conciencia y acorde a los est\u00e1ndares establecidos mundialmente, no forzamos a nadie ni a una maternidad obligatoria ni a un aborto inseguro. Tampoco anteponemos nuestras creencias personales al momento de atender a una persona, ni recomendamos seg\u00fan nuestro punto de vista como deber\u00eda de actuar ni elegir en su vida\u201d, indic\u00f3 el comunicado.<\/p>\n<p>&nbsp;<\/p>\n<p>En tanto, hoy al mediod\u00eda, la Campa\u00f1a realizar\u00e1 una conferencia de prensa en el Senado \u201cpara exigir la sanci\u00f3n definitiva de la ley\u201d. \u201cExigimos el tratamiento sin dilaciones en el Senado y que se mantenga la letra de la media sanci\u00f3n aprobada en la C\u00e1mara de Diputados, y que se acuerde en pr\u00f3xima reuni\u00f3n de labor parlamentaria en esa C\u00e1mara la fecha de votaci\u00f3n\u201d, detall\u00f3 el anuncio del encuentro, del que formar\u00e1n parte legisladoras y legisladores de ambas C\u00e1maras, dirigentes sociales, activistas y representantes de ONG.<\/p>\n<p>&nbsp;<\/p>\n<p>Por la tarde, entre las 17 y las 18.30, de acuerdo con cada lugar, se realizar\u00e1 el pa\u00f1uelazo federal. Hasta \u00faltima hora de ayer, hab\u00eda puntos de encuentro confirmados \u2013adem\u00e1s de en Ciudad de Buenos Aires, frente al Congreso\u2013, en Jujuy (la Peatonal Belgrano, de San Salvador), Tucum\u00e1n (Plaza Independencia, en San Miguel), Formosa (25 de mayo y Fontana, en la capital), Santiago del Estero (en la Plaza Libertad), en Chubut (en la Plaza San Mart\u00edn de Puerto Madryn), en Santa Fe (Escalinatas del Parque Espa\u00f1a, en Rosario) y Mendoza (Plaza Independencia, en la capital) a las 18. En Tierra del Fuego (en R\u00edo Grande y Ushuaia), R\u00edo Negro (en Bariloche, frente al Hospital) y en Salta (ante la Legislatura provincial) a las 18.30, y en C\u00f3rdoba (ante la Casa de Gobierno provincial) a las 17.30.<\/p>\n","protected":false},"excerpt":{"rendered":"<p>Al mediod\u00eda, en el Congreso habr\u00e1 una conferencia de prensas de la Campa\u00f1a, legisladoras, legisladores y referentes que impulsan la legalizaci\u00f3n. Al atardecer, un pa\u00f1uelazo federal. Profesionales de la salud por el derecho a decidir confrontaron a los antiderechos &nbsp; &nbsp; &nbsp; \u201cNegar el acceso a un aborto seguro (realidad de la vida sexual de millones de personas con capacidad de gestar) es una pr\u00e1ctica violenta y de poder ejercida por algunos\/as profesionales de la salud. Se ocultan detr\u00e1s de lo que llaman derecho, cuando a las claras est\u00e1 que&#8230;<\/p>\n","protected":false},"author":3,"featured_media":29123,"comment_status":"closed","ping_status":"closed","sticky":false,"template":"","format":"standard","meta":[],"categories":[9],"tags":[],"_links":{"self":[{"href":"https:\/\/www.actualidadadiario.com\/index.php\/wp-json\/wp\/v2\/posts\/29122"}],"collection":[{"href":"https:\/\/www.actualidadadiario.com\/index.php\/wp-json\/wp\/v2\/posts"}],"about":[{"href":"https:\/\/www.actualidadadiario.com\/index.php\/wp-json\/wp\/v2\/types\/post"}],"author":[{"embeddable":true,"href":"https:\/\/www.actualidadadiario.com\/index.php\/wp-json\/wp\/v2\/users\/3"}],"replies":[{"embeddable":true,"href":"https:\/\/www.actualidadadiario.com\/index.php\/wp-json\/wp\/v2\/comments?post=29122"}],"version-history":[{"count":1,"href":"https:\/\/www.actualidadadiario.com\/index.php\/wp-json\/wp\/v2\/posts\/29122\/revisions"}],"predecessor-version":[{"id":29124,"href":"https:\/\/www.actualidadadiario.com\/index.php\/wp-json\/wp\/v2\/posts\/29122\/revisions\/29124"}],"wp:featuredmedia":[{"embeddable":true,"href":"https:\/\/www.actualidadadiario.com\/index.php\/wp-json\/wp\/v2\/media\/29123"}],"wp:attachment":[{"href":"https:\/\/www.actualidadadiario.com\/index.php\/wp-json\/wp\/v2\/media?parent=29122"}],"wp:term":[{"taxonomy":"category","embeddable":true,"href":"https:\/\/www.actualidadadiario.com\/index.php\/wp-json\/wp\/v2\/categories?post=29122"},{"taxonomy":"post_tag","embeddable":true,"href":"https:\/\/www.actualidadadiario.com\/index.php\/wp-json\/wp\/v2\/tags?post=29122"}],"curies":[{"name":"wp","href":"https:\/\/api.w.org\/{rel}","templated":true}]}}