{"id":29120,"date":"2018-06-26T10:17:28","date_gmt":"2018-06-26T13:17:28","guid":{"rendered":"https:\/\/www.actualidadadiario.com\/?p=29120"},"modified":"2018-11-06T19:43:10","modified_gmt":"2018-11-06T22:43:10","slug":"la-afip-presento-un-nuevo-esquema-de-facturacion-junto-a-las-camaras-empresarias","status":"publish","type":"post","link":"https:\/\/www.actualidadadiario.com\/index.php\/2018\/06\/26\/la-afip-presento-un-nuevo-esquema-de-facturacion-junto-a-las-camaras-empresarias\/","title":{"rendered":"La AFIP present\u00f3 un nuevo esquema de facturaci\u00f3n junto a las c\u00e1maras empresarias"},"content":{"rendered":"<p><em><strong>Por el momento no se habla de plazos ni de fechas de implementaci\u00f3n de los cambios anunciados\u00a0<\/strong><\/em><\/p>\n<p>&nbsp;<\/p>\n<p>&nbsp;<\/p>\n<p>&nbsp;<\/p>\n<p>&nbsp;<\/p>\n<p>La Administraci\u00f3n Federal de Ingresos P\u00fablicos (AFIP) junto a la C\u00e1mara Argentina de Comercio (CAC), la Asociaci\u00f3n de Supermercados Unidos (ASU) y la Coordinadora de las Industrias de Productos Alimenticios (COPAL) presentaron un nuevo esquema de facturaci\u00f3n tendiente a reformar al actual r\u00e9gimen en pos de generalizar el uso de la factura electr\u00f3nica y los controladores de nueva tecnolog\u00eda.<\/p>\n<p>&nbsp;<\/p>\n<p>La presentaci\u00f3n se dio en el marco de los Espacios de Di\u00e1logo Particulares que mantiene la AFIP con las c\u00e1maras empresarias en una reuni\u00f3n llevada a cabo el pasado 4 de junio.<\/p>\n<p>&nbsp;<\/p>\n<p>Dentro del mismo, se identificaron las diferencias existentes entre los controladores fiscales, la factura electr\u00f3nica y la facturaci\u00f3n manual en papel.<\/p>\n<p>&nbsp;<\/p>\n<p>Asimismo, se expusieron los avances en la implementaci\u00f3n de la nueva generaci\u00f3n de controladores fiscales, qui\u00e9nes son los nuevos obligados a la facturaci\u00f3n electr\u00f3nica y se present\u00f3 el escenario del libro de IVA-Digital. Y finalmente, se destac\u00f3 la simplificaci\u00f3n normativa a la cual apunta el Organismo.<\/p>\n<p>&nbsp;<\/p>\n<p>Con este nuevo sistema se busca la despapelizacion y simplificaci\u00f3n en materia de facturaci\u00f3n lo que lleva a potenciar los controles por parte del fisco.<\/p>\n<p>&nbsp;<\/p>\n<p>&nbsp;<\/p>\n<p><strong>Los pilares de esta reforma son dos:<\/strong><\/p>\n<ol>\n<li>a) Generalizaci\u00f3n de la factura electr\u00f3nica: estar\u00e1n obligados todos los responsables inscriptos en el IVA, los exentos y adem\u00e1s todos los Monotributistas.<\/li>\n<\/ol>\n<p>&nbsp;<\/p>\n<p>Solo podr\u00e1n optar por no utilizar la factura electr\u00f3nica aquellos que tengan problemas de conectividad a internet. En este caso estar\u00e1n obligados a la utilizaci\u00f3n de los controladores fiscales de nueva tecnolog\u00eda.<\/p>\n<p>&nbsp;<\/p>\n<ol>\n<li>b) Implementaci\u00f3n de controladores fiscales de nueva tecnolog\u00eda: mediante estos nuevos controladores se enviar\u00e1 digitalmente la informaci\u00f3n de la facturaci\u00f3n a la AFIP en forma autom\u00e1tica ya que contiene una cinta testigo digital, en lugar de ser en papel como los actuales.<\/li>\n<\/ol>\n<p>&nbsp;<\/p>\n<p>Bajo este nuevo escenario se est\u00e1 en condiciones de poder arribar al Libro IVA Digital. Para ello, y teniendo en cuenta lo descripto anteriormente, se completan Las cuatro patas de la mesa para su futura implementaci\u00f3n:<\/p>\n<p>&nbsp;<\/p>\n<ol>\n<li>a) Generalizaci\u00f3n de comprobantes electr\u00f3nicos,<\/li>\n<\/ol>\n<p>&nbsp;<\/p>\n<ol>\n<li>b) Implementaci\u00f3n de controladores fiscales de nueva tecnolog\u00eda,<\/li>\n<\/ol>\n<p>&nbsp;<\/p>\n<ol>\n<li>c) Puesta a disposici\u00f3n de comprobantes electr\u00f3nicos emitidos,<\/li>\n<\/ol>\n<p>&nbsp;<\/p>\n<ol>\n<li>d) Puesta a disposici\u00f3n de comprobantes electr\u00f3nicos recibidos.<\/li>\n<\/ol>\n<p>&nbsp;<\/p>\n<p>Como es de esperarse, con el nuevo r\u00e9gimen se deroga el r\u00e9gimen de informaci\u00f3n de compras y ventas (CITI).<\/p>\n<p>&nbsp;<\/p>\n<p>Cabe destacar que por el momento no se habla de plazos ni de fechas de implementaci\u00f3n de los cambios anunciados.<\/p>\n","protected":false},"excerpt":{"rendered":"<p>Por el momento no se habla de plazos ni de fechas de implementaci\u00f3n de los cambios anunciados\u00a0 &nbsp; &nbsp; &nbsp; &nbsp; La Administraci\u00f3n Federal de Ingresos P\u00fablicos (AFIP) junto a la C\u00e1mara Argentina de Comercio (CAC), la Asociaci\u00f3n de Supermercados Unidos (ASU) y la Coordinadora de las Industrias de Productos Alimenticios (COPAL) presentaron un nuevo esquema de facturaci\u00f3n tendiente a reformar al actual r\u00e9gimen en pos de generalizar el uso de la factura electr\u00f3nica y los controladores de nueva tecnolog\u00eda. &nbsp; La presentaci\u00f3n se dio en el marco de los&#8230;<\/p>\n","protected":false},"author":3,"featured_media":28393,"comment_status":"closed","ping_status":"closed","sticky":false,"template":"","format":"standard","meta":[],"categories":[2],"tags":[],"_links":{"self":[{"href":"https:\/\/www.actualidadadiario.com\/index.php\/wp-json\/wp\/v2\/posts\/29120"}],"collection":[{"href":"https:\/\/www.actualidadadiario.com\/index.php\/wp-json\/wp\/v2\/posts"}],"about":[{"href":"https:\/\/www.actualidadadiario.com\/index.php\/wp-json\/wp\/v2\/types\/post"}],"author":[{"embeddable":true,"href":"https:\/\/www.actualidadadiario.com\/index.php\/wp-json\/wp\/v2\/users\/3"}],"replies":[{"embeddable":true,"href":"https:\/\/www.actualidadadiario.com\/index.php\/wp-json\/wp\/v2\/comments?post=29120"}],"version-history":[{"count":1,"href":"https:\/\/www.actualidadadiario.com\/index.php\/wp-json\/wp\/v2\/posts\/29120\/revisions"}],"predecessor-version":[{"id":29121,"href":"https:\/\/www.actualidadadiario.com\/index.php\/wp-json\/wp\/v2\/posts\/29120\/revisions\/29121"}],"wp:featuredmedia":[{"embeddable":true,"href":"https:\/\/www.actualidadadiario.com\/index.php\/wp-json\/wp\/v2\/media\/28393"}],"wp:attachment":[{"href":"https:\/\/www.actualidadadiario.com\/index.php\/wp-json\/wp\/v2\/media?parent=29120"}],"wp:term":[{"taxonomy":"category","embeddable":true,"href":"https:\/\/www.actualidadadiario.com\/index.php\/wp-json\/wp\/v2\/categories?post=29120"},{"taxonomy":"post_tag","embeddable":true,"href":"https:\/\/www.actualidadadiario.com\/index.php\/wp-json\/wp\/v2\/tags?post=29120"}],"curies":[{"name":"wp","href":"https:\/\/api.w.org\/{rel}","templated":true}]}}