{"id":29115,"date":"2018-06-26T10:15:33","date_gmt":"2018-06-26T13:15:33","guid":{"rendered":"https:\/\/www.actualidadadiario.com\/?p=29115"},"modified":"2018-11-06T19:43:10","modified_gmt":"2018-11-06T22:43:10","slug":"las-subas-en-los-alimentos-y-las-tarifas-impactan-en-las-expectativas","status":"publish","type":"post","link":"https:\/\/www.actualidadadiario.com\/index.php\/2018\/06\/26\/las-subas-en-los-alimentos-y-las-tarifas-impactan-en-las-expectativas\/","title":{"rendered":"Las subas en los alimentos y las tarifas impactan en las expectativas"},"content":{"rendered":"<p><em><strong>El recalentamiento de la inflaci\u00f3n volvi\u00f3 a golpear con fuerza en las expectativas de los argentinos. De acuerdo con una medici\u00f3n privada, en mayo, la percepci\u00f3n de la poblaci\u00f3n sobre la situaci\u00f3n econ\u00f3mica y laboral en el pa\u00eds sufri\u00f3 una fuerte baja y la mayor\u00eda de los consumidores reconoci\u00f3 el impacto que tienen en su situaci\u00f3n personal los aumentos en las tarifas de los servicios p\u00fablicos y en los precios de los alimentos<\/strong><\/em><\/p>\n<p>&nbsp;<\/p>\n<p>&nbsp;<\/p>\n<p>&nbsp;<\/p>\n<p>El \u00cdndice General de Expectativas Econ\u00f3micas que mide todos los meses la consultora Kantar TNS registr\u00f3 en mayo una ca\u00edda del 2% frente a abril, mientras que en t\u00e9rminos interanuales se ubic\u00f3 un 7% por debajo del mismo mes de 2017. A la hora de explicar este marcado descenso, en Kantar no dudaron en se\u00f1alar el impacto inflacionario como la causa principal.<\/p>\n<p>&nbsp;<\/p>\n<p>\u201cLas expectativas econ\u00f3micas de la poblaci\u00f3n se ven afectadas por un pesimismo sobre el devenir de la econom\u00eda, donde los gastos en servicios (gas, luz, agua) y en alimentos son la principal preocupaci\u00f3n de los consumidores, principalmente los del conurbano bonaerense, de los niveles medio bajo y bajo, y con mayor pesimismo respecto de las tarifas entre los adultos de 35 a 49 a\u00f1os\u201d, se\u00f1al\u00f3 Mercedes Ruiz Barrio, investigadora senior de Kantar TNS.<\/p>\n<p>&nbsp;<\/p>\n<p>Ruiz Barrio destac\u00f3 que la crisis cambiaria y la fuerte suba del d\u00f3lar no tienen un efecto directo en las expectativas de la poblaci\u00f3n, aunque reconoci\u00f3 un impacto indirecto v\u00eda aumentos de precios.<\/p>\n<p>&nbsp;<\/p>\n<p>\u201cLa depreciaci\u00f3n del \u00edndice se observa por una marcada incertidumbre respecto de la situaci\u00f3n futura y su impacto en la vida y consumo personal\u201d, explic\u00f3 la investigadora de Kantar TNS. \u201cMientras el impacto del d\u00f3lar es menor que el resto de las variables, en el conjunto de la poblaci\u00f3n son los gastos en servicios p\u00fablicos y el incremento en los alimentos los que generan un pesimismo respecto de cu\u00e1nto se tendr\u00e1 disponible\u201d, agrega.<\/p>\n<p>&nbsp;<\/p>\n<p>El estudio de Kantar tambi\u00e9n destac\u00f3 que el pesimismo se extiende a la compra de bienes durables, y en el caso puntual de los electrodom\u00e9sticos, la baja lleg\u00f3 al 7% frente a mayo del a\u00f1o pasado.<\/p>\n<p>&nbsp;<\/p>\n<p>\u201cEl consumidor evalu\u00f3 que no es buen momento para la compra de bienes durables, potencialmente afectado por el impacto del costo de vida (gastos en servicios a\u00fan en discusi\u00f3n y precios de los alimentos), que comprime la capacidad potencial de compra\u201d, se\u00f1al\u00f3 Ruiz Barrio.<\/p>\n<p>&nbsp;<\/p>\n<p>A la hora de precisar cu\u00e1les son los principales temas de preocupaci\u00f3n de los argentinos en materia econ\u00f3mica, el costo de los servicios p\u00fablicos volvi\u00f3 a ocupar el primer puesto, como se viene repitiendo en los \u00faltimos dos a\u00f1os. Un poco m\u00e1s atr\u00e1s se ubicaron los aumentos en los alimentos y el temor a la p\u00e9rdida del trabajo.<\/p>\n<p>&nbsp;<\/p>\n<p>&nbsp;<\/p>\n<p><strong>Sin piso<\/strong><\/p>\n<p>La evoluci\u00f3n negativa de las expectativas econ\u00f3micas est\u00e1 en l\u00ednea con otros indicadores que dan cuenta de un consumo muy golpeado.<\/p>\n<p>&nbsp;<\/p>\n<p>Al calor de la suba del d\u00f3lar, en mayo las ventas de productos de la canasta b\u00e1sica (alimentos, bebidas, art\u00edculos de tocador y limpieza) revirtieron la leve tendencia positiva que ven\u00edan mostrando en el primer trimestre del a\u00f1o y cerraron el mes con una baja del 1,7% en volumen, seg\u00fan la medici\u00f3n de la consultora Scentia.<\/p>\n<p>&nbsp;<\/p>\n<p>Por su parte, otra medici\u00f3n de la firma Scanntech que releva exclusivamente la evoluci\u00f3n de la demanda en autoservicios chinos y tradicionales indic\u00f3 que en mayo las ventas en este canal registraron su segunda ca\u00edda consecutiva del a\u00f1o, con un descenso de 4% medido en unidades.<\/p>\n","protected":false},"excerpt":{"rendered":"<p>El recalentamiento de la inflaci\u00f3n volvi\u00f3 a golpear con fuerza en las expectativas de los argentinos. De acuerdo con una medici\u00f3n privada, en mayo, la percepci\u00f3n de la poblaci\u00f3n sobre la situaci\u00f3n econ\u00f3mica y laboral en el pa\u00eds sufri\u00f3 una fuerte baja y la mayor\u00eda de los consumidores reconoci\u00f3 el impacto que tienen en su situaci\u00f3n personal los aumentos en las tarifas de los servicios p\u00fablicos y en los precios de los alimentos &nbsp; &nbsp; &nbsp; El \u00cdndice General de Expectativas Econ\u00f3micas que mide todos los meses la consultora Kantar&#8230;<\/p>\n","protected":false},"author":3,"featured_media":28683,"comment_status":"closed","ping_status":"closed","sticky":false,"template":"","format":"standard","meta":[],"categories":[2],"tags":[],"_links":{"self":[{"href":"https:\/\/www.actualidadadiario.com\/index.php\/wp-json\/wp\/v2\/posts\/29115"}],"collection":[{"href":"https:\/\/www.actualidadadiario.com\/index.php\/wp-json\/wp\/v2\/posts"}],"about":[{"href":"https:\/\/www.actualidadadiario.com\/index.php\/wp-json\/wp\/v2\/types\/post"}],"author":[{"embeddable":true,"href":"https:\/\/www.actualidadadiario.com\/index.php\/wp-json\/wp\/v2\/users\/3"}],"replies":[{"embeddable":true,"href":"https:\/\/www.actualidadadiario.com\/index.php\/wp-json\/wp\/v2\/comments?post=29115"}],"version-history":[{"count":1,"href":"https:\/\/www.actualidadadiario.com\/index.php\/wp-json\/wp\/v2\/posts\/29115\/revisions"}],"predecessor-version":[{"id":29116,"href":"https:\/\/www.actualidadadiario.com\/index.php\/wp-json\/wp\/v2\/posts\/29115\/revisions\/29116"}],"wp:featuredmedia":[{"embeddable":true,"href":"https:\/\/www.actualidadadiario.com\/index.php\/wp-json\/wp\/v2\/media\/28683"}],"wp:attachment":[{"href":"https:\/\/www.actualidadadiario.com\/index.php\/wp-json\/wp\/v2\/media?parent=29115"}],"wp:term":[{"taxonomy":"category","embeddable":true,"href":"https:\/\/www.actualidadadiario.com\/index.php\/wp-json\/wp\/v2\/categories?post=29115"},{"taxonomy":"post_tag","embeddable":true,"href":"https:\/\/www.actualidadadiario.com\/index.php\/wp-json\/wp\/v2\/tags?post=29115"}],"curies":[{"name":"wp","href":"https:\/\/api.w.org\/{rel}","templated":true}]}}