{"id":29103,"date":"2018-06-26T10:11:42","date_gmt":"2018-06-26T13:11:42","guid":{"rendered":"https:\/\/www.actualidadadiario.com\/?p=29103"},"modified":"2018-11-06T19:43:10","modified_gmt":"2018-11-06T22:43:10","slug":"la-ucr-borro-a-varisco-de-la-nomina-de-gobernantes-radicales","status":"publish","type":"post","link":"https:\/\/www.actualidadadiario.com\/index.php\/2018\/06\/26\/la-ucr-borro-a-varisco-de-la-nomina-de-gobernantes-radicales\/","title":{"rendered":"La UCR borr\u00f3 a Varisco de la n\u00f3mina de gobernantes radicales"},"content":{"rendered":"<p><em><strong>El Comit\u00e9 Nacional de la UCR, que preside el Gobernador de Mendoza Alfredo Cornejo, elimin\u00f3 de su sitio web al intendente de Paran\u00e1, Sergio Varisco, de la n\u00f3mina de radicales que ocupan una funci\u00f3n p\u00fablica<\/strong><\/em><\/p>\n<p>&nbsp;<\/p>\n<p>&nbsp;<\/p>\n<p>&nbsp;<\/p>\n<p>En medio de una tensi\u00f3n creciente por el procesamiento que recay\u00f3 sobre Varisco en la causa por narcotr\u00e1fico, sugestivamente el sitio web del Comit\u00e9 Nacional del Radicalismo dej\u00f3 fuera al intendente de Paran\u00e1 de la lista de afiliados del partido que est\u00e1n al frente de una repartici\u00f3n p\u00fablica.<\/p>\n<p>&nbsp;<\/p>\n<p>En el apartado \u201cUCR en gesti\u00f3n\u201d se detallan quienes son los Gobernadores, Vicegobernadores, Ministros,\u00a0 integrantes del gabinete nacional e intendentes de capitales de provincia que forman parte del Centenario Partido.<\/p>\n<p>&nbsp;<\/p>\n<p>Dentro del listado de presidentes municipales de capitales, el gran ausente es Sergio Varisco, quien adem\u00e1s de presidir el Foro Provincial de Intendentes, ocupa una de las vicepresidencias del Foro Nacional.<\/p>\n<p>&nbsp;<\/p>\n<p>El sitio web identifica con foto y nombre a nueve intendentes de capitales de provincia: Jos\u00e9 Corral (Santa Fe); Ram\u00f3n Mestre (C\u00f3rdoba); Horacio Quiroga (Neuqu\u00e9n); Rodolfo Su\u00e1rez (Mendoza); Jos\u00e9 Luis Foulkes (Viedma); Roberto Giubetich (R\u00edo Gallegos); Ra\u00fal Jorge (San Salvador de Jujuy); Leandro Altolaguirre (Santa Rosa) y Eduardo Tassano (Corrientes) y deja fuera al presidente municipal de la capital entrerriana.<\/p>\n","protected":false},"excerpt":{"rendered":"<p>El Comit\u00e9 Nacional de la UCR, que preside el Gobernador de Mendoza Alfredo Cornejo, elimin\u00f3 de su sitio web al intendente de Paran\u00e1, Sergio Varisco, de la n\u00f3mina de radicales que ocupan una funci\u00f3n p\u00fablica &nbsp; &nbsp; &nbsp; En medio de una tensi\u00f3n creciente por el procesamiento que recay\u00f3 sobre Varisco en la causa por narcotr\u00e1fico, sugestivamente el sitio web del Comit\u00e9 Nacional del Radicalismo dej\u00f3 fuera al intendente de Paran\u00e1 de la lista de afiliados del partido que est\u00e1n al frente de una repartici\u00f3n p\u00fablica. &nbsp; En el apartado&#8230;<\/p>\n","protected":false},"author":3,"featured_media":29104,"comment_status":"closed","ping_status":"closed","sticky":false,"template":"","format":"standard","meta":[],"categories":[9,15],"tags":[],"_links":{"self":[{"href":"https:\/\/www.actualidadadiario.com\/index.php\/wp-json\/wp\/v2\/posts\/29103"}],"collection":[{"href":"https:\/\/www.actualidadadiario.com\/index.php\/wp-json\/wp\/v2\/posts"}],"about":[{"href":"https:\/\/www.actualidadadiario.com\/index.php\/wp-json\/wp\/v2\/types\/post"}],"author":[{"embeddable":true,"href":"https:\/\/www.actualidadadiario.com\/index.php\/wp-json\/wp\/v2\/users\/3"}],"replies":[{"embeddable":true,"href":"https:\/\/www.actualidadadiario.com\/index.php\/wp-json\/wp\/v2\/comments?post=29103"}],"version-history":[{"count":1,"href":"https:\/\/www.actualidadadiario.com\/index.php\/wp-json\/wp\/v2\/posts\/29103\/revisions"}],"predecessor-version":[{"id":29105,"href":"https:\/\/www.actualidadadiario.com\/index.php\/wp-json\/wp\/v2\/posts\/29103\/revisions\/29105"}],"wp:featuredmedia":[{"embeddable":true,"href":"https:\/\/www.actualidadadiario.com\/index.php\/wp-json\/wp\/v2\/media\/29104"}],"wp:attachment":[{"href":"https:\/\/www.actualidadadiario.com\/index.php\/wp-json\/wp\/v2\/media?parent=29103"}],"wp:term":[{"taxonomy":"category","embeddable":true,"href":"https:\/\/www.actualidadadiario.com\/index.php\/wp-json\/wp\/v2\/categories?post=29103"},{"taxonomy":"post_tag","embeddable":true,"href":"https:\/\/www.actualidadadiario.com\/index.php\/wp-json\/wp\/v2\/tags?post=29103"}],"curies":[{"name":"wp","href":"https:\/\/api.w.org\/{rel}","templated":true}]}}