{"id":29100,"date":"2018-06-26T10:11:00","date_gmt":"2018-06-26T13:11:00","guid":{"rendered":"https:\/\/www.actualidadadiario.com\/?p=29100"},"modified":"2018-11-06T19:43:10","modified_gmt":"2018-11-06T22:43:10","slug":"cuestionan-recortes-del-gobierno-nacional-a-la-educacion-tecnica","status":"publish","type":"post","link":"https:\/\/www.actualidadadiario.com\/index.php\/2018\/06\/26\/cuestionan-recortes-del-gobierno-nacional-a-la-educacion-tecnica\/","title":{"rendered":"Cuestionan recortes del Gobierno nacional a la educaci\u00f3n t\u00e9cnica"},"content":{"rendered":"<p><em><strong>En el marco del paro convocado por CGT y CTA, desde AMET Entre R\u00edos cuestionaron los recortes en los aportes para las escuelas t\u00e9cnicas aplicados por la gesti\u00f3n Macri. Esto \u201cafecta seriamente a la calidad educativa\u201d, remarc\u00f3 \u00a0el secretario de Relaciones Gremiales del sindicato, Felipe Robles<\/strong><\/em><\/p>\n<p>&nbsp;<\/p>\n<p>&nbsp;<\/p>\n<p>&nbsp;<\/p>\n<p>&nbsp;<\/p>\n<p>Representantes de la Asociaci\u00f3n del Magisterio de la Ense\u00f1anza T\u00e9cnica (AMET) participaron de la concentraci\u00f3n que se realiz\u00f3 este lunes 25 de junio en la Plaza 1\u00ba de Mayo de Paran\u00e1, en el marco del paro general convocado por CGT y CTA en todo el pa\u00eds.<\/p>\n<p>&nbsp;<\/p>\n<p>Felipe Robles, secretario de Relaciones Gremiales de AMET Regional Entre R\u00edos, sostuvo que el gremio que nuclea a los docentes t\u00e9cnicos entrerrianos, resalt\u00f3 que el objetivo principal de la medida es la \u201creivindicaci\u00f3n de los derechos de los trabajadores\u201d y el rechazo \u201cal ajuste a nivel nacional a la educaci\u00f3n, salud y todo lo relacionado con la clase trabajadora\u201d.<\/p>\n<p>&nbsp;<\/p>\n<p>Adem\u00e1s se refiri\u00f3 a c\u00f3mo el ajuste afecta la situaci\u00f3n de las escuelas t\u00e9cnicas en particular. \u201cEn los \u00faltimos dos a\u00f1os la educaci\u00f3n t\u00e9cnica ha visto disminuidos los aportes a trav\u00e9s de INET (Instituto Nacional de Educaci\u00f3n Tecnol\u00f3gica) para los colegios, para la compra de equipamientos e insumos. Esto desfavorece a la calidad de la educaci\u00f3n\u201d, expres\u00f3 Robles.<\/p>\n<p>&nbsp;<\/p>\n<p>Tambi\u00e9n cuestion\u00f3 que este a\u00f1o se efectiviz\u00f3 un \u201crecorte a los administradores de red, que son quienes manejan los soportes tecnol\u00f3gicos en las escuelas t\u00e9cnicas\u201d. Como consecuencia, \u201ctodo el equipamiento que tienen las escuelas no puede ser utilizado en forma correcta porque no est\u00e1n los profesionales adecuados para ello\u201d, lament\u00f3.<\/p>\n<p>&nbsp;<\/p>\n<p>Los ejes del reclamo de AMET son: \u201cExigir un cambio de la pol\u00edtica econ\u00f3mica del Gobierno nacional; por ning\u00fan puesto menos de trabajo; paritarias libres y sin techo; por nuestros jubilados, por los trabajadores de las econom\u00edas populares, por nuestros estudiantes, y por una Argentina de todos y para todos\u201d.<\/p>\n","protected":false},"excerpt":{"rendered":"<p>En el marco del paro convocado por CGT y CTA, desde AMET Entre R\u00edos cuestionaron los recortes en los aportes para las escuelas t\u00e9cnicas aplicados por la gesti\u00f3n Macri. Esto \u201cafecta seriamente a la calidad educativa\u201d, remarc\u00f3 \u00a0el secretario de Relaciones Gremiales del sindicato, Felipe Robles &nbsp; &nbsp; &nbsp; &nbsp; Representantes de la Asociaci\u00f3n del Magisterio de la Ense\u00f1anza T\u00e9cnica (AMET) participaron de la concentraci\u00f3n que se realiz\u00f3 este lunes 25 de junio en la Plaza 1\u00ba de Mayo de Paran\u00e1, en el marco del paro general convocado por CGT&#8230;<\/p>\n","protected":false},"author":3,"featured_media":29101,"comment_status":"closed","ping_status":"closed","sticky":false,"template":"","format":"standard","meta":[],"categories":[15],"tags":[],"_links":{"self":[{"href":"https:\/\/www.actualidadadiario.com\/index.php\/wp-json\/wp\/v2\/posts\/29100"}],"collection":[{"href":"https:\/\/www.actualidadadiario.com\/index.php\/wp-json\/wp\/v2\/posts"}],"about":[{"href":"https:\/\/www.actualidadadiario.com\/index.php\/wp-json\/wp\/v2\/types\/post"}],"author":[{"embeddable":true,"href":"https:\/\/www.actualidadadiario.com\/index.php\/wp-json\/wp\/v2\/users\/3"}],"replies":[{"embeddable":true,"href":"https:\/\/www.actualidadadiario.com\/index.php\/wp-json\/wp\/v2\/comments?post=29100"}],"version-history":[{"count":1,"href":"https:\/\/www.actualidadadiario.com\/index.php\/wp-json\/wp\/v2\/posts\/29100\/revisions"}],"predecessor-version":[{"id":29102,"href":"https:\/\/www.actualidadadiario.com\/index.php\/wp-json\/wp\/v2\/posts\/29100\/revisions\/29102"}],"wp:featuredmedia":[{"embeddable":true,"href":"https:\/\/www.actualidadadiario.com\/index.php\/wp-json\/wp\/v2\/media\/29101"}],"wp:attachment":[{"href":"https:\/\/www.actualidadadiario.com\/index.php\/wp-json\/wp\/v2\/media?parent=29100"}],"wp:term":[{"taxonomy":"category","embeddable":true,"href":"https:\/\/www.actualidadadiario.com\/index.php\/wp-json\/wp\/v2\/categories?post=29100"},{"taxonomy":"post_tag","embeddable":true,"href":"https:\/\/www.actualidadadiario.com\/index.php\/wp-json\/wp\/v2\/tags?post=29100"}],"curies":[{"name":"wp","href":"https:\/\/api.w.org\/{rel}","templated":true}]}}