{"id":291,"date":"2016-08-25T09:01:12","date_gmt":"2016-08-25T12:01:12","guid":{"rendered":"http:\/\/actualidadadiario.com\/site\/?p=291"},"modified":"2016-08-25T09:01:12","modified_gmt":"2016-08-25T12:01:12","slug":"colombia-y-las-farc-alcanzan-historico-acuerdo-final-de-paz","status":"publish","type":"post","link":"https:\/\/www.actualidadadiario.com\/index.php\/2016\/08\/25\/colombia-y-las-farc-alcanzan-historico-acuerdo-final-de-paz\/","title":{"rendered":"Colombia y las FARC alcanzan hist\u00f3rico acuerdo final de paz"},"content":{"rendered":"<p><em><strong>Los rebeldes de las FARC y el gobierno de Colombia alcanzaron un hist\u00f3rico acuerdo final de paz para terminar con una lucha de medio siglo que deja cientos de miles de v\u00edctimas, seg\u00fan anunciaron este mi\u00e9rcoles al t\u00e9rmino de casi cuatro a\u00f1os de negociaciones en Cuba.<\/strong><\/em><\/p>\n<p>&nbsp;<\/p>\n<p>&nbsp;<\/p>\n<p>&nbsp;<\/p>\n<p>El presidente colombiano, Juan Manuel Santos, dijo que este jueves enviar\u00e1 al Congreso el texto del acuerdo de paz con las FARC para que convoque el plebiscito de refrendaci\u00f3n de lo pactado, que se celebrar\u00e1 el pr\u00f3ximo 2 de octubre.<\/p>\n<p>&nbsp;<\/p>\n<p>&#8220;Para ello, ma\u00f1ana mismo enviar\u00e9 al Congreso el texto definitivo del Acuerdo Final y le informar\u00e9 la decisi\u00f3n de convocar el plebiscito para su refrendaci\u00f3n. El plebiscito por la paz se llevar\u00e1 a cabo el domingo 2 de octubre&#8221;, manifest\u00f3 el jefe de Estado en una alocuci\u00f3n al pa\u00eds.<\/p>\n<p>&nbsp;<\/p>\n<p>Las dif\u00edciles discusiones que alberg\u00f3 La Habana llegaron a feliz t\u00e9rmino con la firma de un acuerdo de seis puntos sustanciales que, para hacerse efectivo, deber\u00e1 ser aprobado en un plebiscito que se realizar\u00e1 posiblemente en octubre.<\/p>\n<p>&nbsp;<\/p>\n<p>&#8220;Hemos acordado suscribir el presente acuerdo final para la terminaci\u00f3n del conflicto y la construcci\u00f3n de una paz estable y duradera, cuya ejecuci\u00f3n pondr\u00e1 fin de manera definitiva a un conflicto armado de m\u00e1s de cincuenta a\u00f1os&#8221;, dice el comunicado conjunto le\u00eddo en La Habana por los garantes de Cuba y Noruega.<\/p>\n<p>&nbsp;<\/p>\n<p>El pacto prev\u00e9 en esencia que las Fuerzas Armadas Revolucionarias de Colombia (FARC) depongan los fusiles y se conviertan en un partido pol\u00edtico.<\/p>\n<p>&nbsp;<\/p>\n<p>El acuerdo con la mayor guerrilla de Colombia, en armas desde 1964, permitir\u00e1 superar en gran parte un enfrentamiento que deja unos 260.000 muertos, casi siete millones de desplazados y unos 45.000 desaparecidos.<\/p>\n<p>&nbsp;<\/p>\n<p>El pacto de La Habana prev\u00e9 compromisos para solucionar el programa agrario, que dio origen al levantamiento de las Fuerzas Armadas Revolucionarias de Colombia (FARC), y enfrentar el del narcotr\u00e1fico, combustible de la violencia.<\/p>\n<p>&nbsp;<\/p>\n<p>Tambi\u00e9n acordaron un alto al fuego bilateral y definitivo, f\u00f3rmulas de justicia y reparaci\u00f3n de las v\u00edctimas, y la participaci\u00f3n en pol\u00edtica de los futuros excombatientes.<\/p>\n<p>&nbsp;<\/p>\n<p>Se espera que las FARC inicien su desarme en un plazo de seis meses contados a partir de su concentraci\u00f3n en 23 zonas y ocho campamentos en Colombia.<\/p>\n<p>&nbsp;<\/p>\n<p>Observadores desarmados de la ONU y delegados de las FARC y el gobierno verificar\u00e1n el proceso de dejaci\u00f3n de armas, con las cuales se levantar\u00e1n tres monumentos.<\/p>\n<p>&nbsp;<\/p>\n<p>El proceso de La Habana es el primero de los cuatro que se han intentado con las FARC que est\u00e1 a punto de concretarse. Antes fracasaron las iniciativas emprendidas en 1984, 1991 y 1999.<\/p>\n<p>&nbsp;<\/p>\n<p>Aun cuando las negociaciones cerraron exitosamente, Colombia todav\u00eda deber\u00e1 esperar a que lo pactado en La Habana sea aprobado por los colombianos.<\/p>\n<p>&nbsp;<\/p>\n<p>Solo si el acuerdo supera la prueba en las urnas (para lo cual requiere al menos 4,4 millones de votos afirmativos y que el &#8220;No&#8221; tenga una votaci\u00f3n menor), podr\u00e1 decirse que el \u00faltimo conflicto armado en Am\u00e9rica est\u00e1 en v\u00edas de extinguirse.<\/p>\n<p>&nbsp;<\/p>\n<p>Sin embargo, todav\u00eda est\u00e1n activos el Ej\u00e9rcito de Liberaci\u00f3n Nacional (ELN) &#8211; una organizaci\u00f3n casi igual de antigua que las FARC pero m\u00e1s d\u00e9bil &#8211; y grupos del crimen organizado dedicados al narcotr\u00e1fico y la miner\u00eda ilegal.<\/p>\n<p>&nbsp;<\/p>\n<p>Concluida la negociaci\u00f3n formalmente, el gobierno de Santos preparar\u00e1 la convocatoria del plebiscito, mientras la guerrilla, con el texto en la mano, realizar\u00e1 una \u00faltima reuni\u00f3n de comandantes con la tropa en Colombia para dar el paso definitivo hacia su desarme y transformaci\u00f3n en partido pol\u00edtico.<\/p>\n<p>&nbsp;<\/p>\n<p>Un sector influyente en Colombia encabezado por el expresidente \u00c1lvaro Uribe (2002-2010) se opone firmemente a lo pactado en La Habana por considerar que dejar\u00e1 en la impunidad delitos atroces de las FARC.<\/p>\n<p>&nbsp;<\/p>\n<p>El compromiso alcanzado en Cuba establece que quienes confiesen sus cr\u00edmenes atroces ante un tribunal especial podr\u00e1n evitar la c\u00e1rcel y recibir penas alternativas.<\/p>\n<p>&nbsp;<\/p>\n<p>Si no lo hacen, y son declarados culpables, ser\u00e1n condenados a penas de ocho a 20 a\u00f1os de prisi\u00f3n.<\/p>\n<p>&nbsp;<\/p>\n<p>&#8220;Hemos logrado unos acuerdos que nos dan unas m\u00ednimas garant\u00edas para sacar avante nuestro ideal, nuestro objetivo&#8221;, afirm\u00f3 Timochenko en declaraciones previas a un \u00f3rgano de difusi\u00f3n de la guerrilla.<\/p>\n","protected":false},"excerpt":{"rendered":"<p>Los rebeldes de las FARC y el gobierno de Colombia alcanzaron un hist\u00f3rico acuerdo final de paz para terminar con una lucha de medio siglo que deja cientos de miles de v\u00edctimas, seg\u00fan anunciaron este mi\u00e9rcoles al t\u00e9rmino de casi cuatro a\u00f1os de negociaciones en Cuba. &nbsp; &nbsp; &nbsp; El presidente colombiano, Juan Manuel Santos, dijo que este jueves enviar\u00e1 al Congreso el texto del acuerdo de paz con las FARC para que convoque el plebiscito de refrendaci\u00f3n de lo pactado, que se celebrar\u00e1 el pr\u00f3ximo 2 de octubre. &nbsp;&#8230;<\/p>\n","protected":false},"author":3,"featured_media":292,"comment_status":"closed","ping_status":"open","sticky":false,"template":"","format":"standard","meta":[],"categories":[4],"tags":[],"_links":{"self":[{"href":"https:\/\/www.actualidadadiario.com\/index.php\/wp-json\/wp\/v2\/posts\/291"}],"collection":[{"href":"https:\/\/www.actualidadadiario.com\/index.php\/wp-json\/wp\/v2\/posts"}],"about":[{"href":"https:\/\/www.actualidadadiario.com\/index.php\/wp-json\/wp\/v2\/types\/post"}],"author":[{"embeddable":true,"href":"https:\/\/www.actualidadadiario.com\/index.php\/wp-json\/wp\/v2\/users\/3"}],"replies":[{"embeddable":true,"href":"https:\/\/www.actualidadadiario.com\/index.php\/wp-json\/wp\/v2\/comments?post=291"}],"version-history":[{"count":1,"href":"https:\/\/www.actualidadadiario.com\/index.php\/wp-json\/wp\/v2\/posts\/291\/revisions"}],"predecessor-version":[{"id":293,"href":"https:\/\/www.actualidadadiario.com\/index.php\/wp-json\/wp\/v2\/posts\/291\/revisions\/293"}],"wp:featuredmedia":[{"embeddable":true,"href":"https:\/\/www.actualidadadiario.com\/index.php\/wp-json\/wp\/v2\/media\/292"}],"wp:attachment":[{"href":"https:\/\/www.actualidadadiario.com\/index.php\/wp-json\/wp\/v2\/media?parent=291"}],"wp:term":[{"taxonomy":"category","embeddable":true,"href":"https:\/\/www.actualidadadiario.com\/index.php\/wp-json\/wp\/v2\/categories?post=291"},{"taxonomy":"post_tag","embeddable":true,"href":"https:\/\/www.actualidadadiario.com\/index.php\/wp-json\/wp\/v2\/tags?post=291"}],"curies":[{"name":"wp","href":"https:\/\/api.w.org\/{rel}","templated":true}]}}