{"id":29094,"date":"2018-06-26T10:08:18","date_gmt":"2018-06-26T13:08:18","guid":{"rendered":"https:\/\/www.actualidadadiario.com\/?p=29094"},"modified":"2018-11-06T19:43:10","modified_gmt":"2018-11-06T22:43:10","slug":"bordet-comienza-a-definir-postura-con-sus-legisladores-nacionales-por-el-presupuesto-2019","status":"publish","type":"post","link":"https:\/\/www.actualidadadiario.com\/index.php\/2018\/06\/26\/bordet-comienza-a-definir-postura-con-sus-legisladores-nacionales-por-el-presupuesto-2019\/","title":{"rendered":"Bordet comienza a definir postura con sus legisladores nacionales por el Presupuesto 2019"},"content":{"rendered":"<p><em><strong>El gobernador Gustavo Bordet se reuni\u00f3 con la senadora nacional Sigrid Kunath, con quien dialog\u00f3 sobre distintos temas que tienen que ver con cuestiones de la provincia, como la reforma pol\u00edtica, y con la agenda legislativa en el Senado Nacional<\/strong><\/em><\/p>\n<p>&nbsp;<\/p>\n<p>&nbsp;<\/p>\n<p>&nbsp;<\/p>\n<p>&nbsp;<\/p>\n<p>Coment\u00f3 la legisladora que hablaron del pr\u00f3ximo tratamiento parlamentario del Presupuesto Nacional, que es \u201cuna cuesti\u00f3n en la que sin duda tendremos que estar muy atentos trabajando conjuntamente entre diputados y senadores, ya que el Presupuesto ingresa siempre por Diputados y lo que sucede en el Senado, en general es que se acompa\u00f1a tal como viene\u201d.<\/p>\n<p>&nbsp;<\/p>\n<p>\u201cLa idea es establecer un esquema de trabajo en funci\u00f3n de esto para ver todas las cuestiones inherentes a la provincia de Entre R\u00edos, en un esquema nacional muy complicado a partir del acuerdo formalizado con el Fondo Monetario Internacional, pero puntualmente previendo cu\u00e1les ser\u00e1n las cuestiones que afectar\u00e1n o que tendr\u00e1n impacto en el presupuesto provincial. Por eso la idea es trabajarlo de manera conjunta\u201d, subray\u00f3.<\/p>\n<p>&nbsp;<\/p>\n<p>&nbsp;<\/p>\n<p><strong>Despenalizaci\u00f3n <\/strong><\/p>\n<p>En lo que hace a la agenda parlamentaria, se\u00f1al\u00f3 que adem\u00e1s con el gobernador \u201cdedicamos unas palabras para conversar sobre lo que ser\u00e1 el pr\u00f3ximo tratamiento de la ley de despenalizaci\u00f3n del aborto, que es un tema de alto impacto en la pol\u00edtica nacional\u201d.<\/p>\n<p>&nbsp;<\/p>\n<p>\u201cEn lo personal tengo una posici\u00f3n favorable a acompa\u00f1ar esta media sanci\u00f3n que proviene de C\u00e1mara de Diputados. Coincidimos con el gobernador en que es un tema de salud p\u00fablica, dijo y se\u00f1al\u00f3 que \u201csi bien atraviesa distintas complejidades, la decisi\u00f3n tiene que ser con miras a lo colectivo, a cu\u00e1l es el rol del Estado frente a la realidad. Es decir, despojar la discusi\u00f3n de cuestiones que hacen a creencias religiosas, internas, personales y tener una mirada global desde el lugar institucional que es la que me toca hoy&#8221;.<\/p>\n<p>&nbsp;<\/p>\n<p>&nbsp;<\/p>\n<p><strong>Informe del jefe de Gabinete <\/strong><\/p>\n<p>Uno de los puntos abordados se refiere al informe que el jefe de Gabinete, Marcos Pe\u00f1a, dar\u00e1 este mi\u00e9rcoles en el Senado. \u201cNosotros venimos presentando distintos pedidos de informes que tienen que ver con programas puntualmente del Ministerio de Salud, que desde la provincia se vienen sosteniendo con un importante esfuerzo, atento a la detracci\u00f3n de fondos desde Naci\u00f3n. En ese sentido, reiteramos nuestra intenci\u00f3n de seguir conjuntamente estos temas para obtener respuestas por parte del Poder Ejecutivo nacional\u201d, dijo.<\/p>\n<p>&nbsp;<\/p>\n<p>&nbsp;<\/p>\n<p><strong>Reforma Pol\u00edtica<\/strong><\/p>\n<p>Por otro lado, agreg\u00f3 que tambi\u00e9n dialogaron sobre la Reforma Pol\u00edtica en la provincia. \u201cComo apoderada del Partido Justicialista desde hace ya varios a\u00f1os hemos charlado este trema en varias oportunidades, as\u00ed que vengo siguiendo con mucha atenci\u00f3n c\u00f3mo son los avances en la Legislatura provincial, escuchando distintas opiniones\u201d.<\/p>\n<p>&nbsp;<\/p>\n<p>Sobre su parecer, indic\u00f3: \u201cCreo que es bueno por parte del Poder Ejecutivo provincial haber tomado la iniciativa de mandar una reforma en estos t\u00e9rminos. Uno puede tener alguna reserva en cuanto a cambiar el m\u00e9todo de emitir el voto, concretamente en cuanto a la boleta \u00fanica de papel, pero tampoco negamos la posibilidad en cuanto a que se puedan ir adaptando y mejorando nuestros sistemas electorales\u201d.<\/p>\n","protected":false},"excerpt":{"rendered":"<p>El gobernador Gustavo Bordet se reuni\u00f3 con la senadora nacional Sigrid Kunath, con quien dialog\u00f3 sobre distintos temas que tienen que ver con cuestiones de la provincia, como la reforma pol\u00edtica, y con la agenda legislativa en el Senado Nacional &nbsp; &nbsp; &nbsp; &nbsp; Coment\u00f3 la legisladora que hablaron del pr\u00f3ximo tratamiento parlamentario del Presupuesto Nacional, que es \u201cuna cuesti\u00f3n en la que sin duda tendremos que estar muy atentos trabajando conjuntamente entre diputados y senadores, ya que el Presupuesto ingresa siempre por Diputados y lo que sucede en el&#8230;<\/p>\n","protected":false},"author":3,"featured_media":29095,"comment_status":"closed","ping_status":"closed","sticky":false,"template":"","format":"standard","meta":[],"categories":[15],"tags":[],"_links":{"self":[{"href":"https:\/\/www.actualidadadiario.com\/index.php\/wp-json\/wp\/v2\/posts\/29094"}],"collection":[{"href":"https:\/\/www.actualidadadiario.com\/index.php\/wp-json\/wp\/v2\/posts"}],"about":[{"href":"https:\/\/www.actualidadadiario.com\/index.php\/wp-json\/wp\/v2\/types\/post"}],"author":[{"embeddable":true,"href":"https:\/\/www.actualidadadiario.com\/index.php\/wp-json\/wp\/v2\/users\/3"}],"replies":[{"embeddable":true,"href":"https:\/\/www.actualidadadiario.com\/index.php\/wp-json\/wp\/v2\/comments?post=29094"}],"version-history":[{"count":1,"href":"https:\/\/www.actualidadadiario.com\/index.php\/wp-json\/wp\/v2\/posts\/29094\/revisions"}],"predecessor-version":[{"id":29096,"href":"https:\/\/www.actualidadadiario.com\/index.php\/wp-json\/wp\/v2\/posts\/29094\/revisions\/29096"}],"wp:featuredmedia":[{"embeddable":true,"href":"https:\/\/www.actualidadadiario.com\/index.php\/wp-json\/wp\/v2\/media\/29095"}],"wp:attachment":[{"href":"https:\/\/www.actualidadadiario.com\/index.php\/wp-json\/wp\/v2\/media?parent=29094"}],"wp:term":[{"taxonomy":"category","embeddable":true,"href":"https:\/\/www.actualidadadiario.com\/index.php\/wp-json\/wp\/v2\/categories?post=29094"},{"taxonomy":"post_tag","embeddable":true,"href":"https:\/\/www.actualidadadiario.com\/index.php\/wp-json\/wp\/v2\/tags?post=29094"}],"curies":[{"name":"wp","href":"https:\/\/api.w.org\/{rel}","templated":true}]}}