{"id":29091,"date":"2018-06-26T10:06:55","date_gmt":"2018-06-26T13:06:55","guid":{"rendered":"https:\/\/www.actualidadadiario.com\/?p=29091"},"modified":"2018-11-06T19:43:15","modified_gmt":"2018-11-06T22:43:15","slug":"produccion-firmo-un-acuerdo-con-el-servicio-penitenciario-para-la-insercion-laboral-de-internos","status":"publish","type":"post","link":"https:\/\/www.actualidadadiario.com\/index.php\/2018\/06\/26\/produccion-firmo-un-acuerdo-con-el-servicio-penitenciario-para-la-insercion-laboral-de-internos\/","title":{"rendered":"Producci\u00f3n firm\u00f3 un acuerdo con el Servicio Penitenciario para la inserci\u00f3n laboral de internos"},"content":{"rendered":"<p><em><strong>El secretario de Producci\u00f3n, \u00c1lvaro Gab\u00e1s, firm\u00f3 con el director General del Servicio Penitenciario de Entre R\u00edos, Marcelo Rub\u00e9n S\u00e1nchez, un acuerdo por el cual se apunta a la inserci\u00f3n laboral de internos aptos para realizar trabajos en dependencias de dicha Secretar\u00eda<\/strong><\/em><\/p>\n<p>&nbsp;<\/p>\n<p>&nbsp;<\/p>\n<p>&nbsp;<\/p>\n<p>\u201cEsto forma parte del trabajo mancomunado entre los distintos organismos del Estado provincial, tal como lo ha pedido siempre el gobernador Gustavo Bordet, y por el cual se le va a brindar la posibilidad de que realicen diferentes tareas que se necesitan en dependencias de la Secretar\u00eda a mi cargo\u201d, expres\u00f3 Gab\u00e1s, al tiempo que remarco: \u201cLas posibilidades de trabajo van a seguir creciendo ya que nosotros podremos tambi\u00e9n asesorarlos a trav\u00e9s de nuestros profesionales en lo que refiere a las concreciones de huertas y dem\u00e1s actividades que desde all\u00ed vienen gestionando en lo que tambi\u00e9n se transforma en producci\u00f3n\u201d, finaliz\u00f3.<\/p>\n<p>&nbsp;<\/p>\n<p>Por su parte, S\u00e1nchez expres\u00f3 que: &#8220;Es un convenio de trabajo en donde nosotros prestaremos un servicio, lo que a su vez nos habilita a llevar adelante tareas de perfeccionamiento del personal penitenciario y de los internos. Queremos lograr con esto ocupar a las personas privadas de la libertad, lo que siempre es un aprendizaje para ellos. Esto en el marco de la Ley N\u00b0 24.660, que privilegia al trabajo como eje tratamental&#8221;, concluy\u00f3 finaliz\u00f3.<\/p>\n<p>&nbsp;<\/p>\n<p>El presente acuerdo de trabajo tiene por objeto a trav\u00e9s de la provisi\u00f3n de mano de obra que determine competente el Servicio Penitenciario a trav\u00e9s de internas del mismo y personal del mismo, la realizaci\u00f3n de trabajos de mantenimiento consistentes en limpieza de desag\u00fces, extracci\u00f3n, restauraci\u00f3n, colocaci\u00f3n de membranas, y pintado de techos, reparaci\u00f3n, acondicionamiento de paredes, pintura de paredes externas, y pintado en oficinas.<\/p>\n<p>&nbsp;<\/p>\n<p>Se inform\u00f3 adem\u00e1s que las tareas ser\u00e1n realizadas en cuatro etapas las cuales ser\u00e1n monitoreadas por ambos organismos.<\/p>\n<p>&nbsp;<\/p>\n<p>Estuvieron acompa\u00f1ando la firma del siguiente convenio, Guillermo Luis Abasto, coordinador de Producci\u00f3n de la costa del Paran\u00e1; el asesor legal de la Secretar\u00eda, Jos\u00e9 Mar\u00eda Leiva Ch\u00e1vez; el director Principal de Industria, inspector General An\u00edbal Alejandro Miotti; y el jefe del Departamento Producci\u00f3n y Centro de Formaci\u00f3n Profesional, subalcaide Luis Viola.<\/p>\n","protected":false},"excerpt":{"rendered":"<p>El secretario de Producci\u00f3n, \u00c1lvaro Gab\u00e1s, firm\u00f3 con el director General del Servicio Penitenciario de Entre R\u00edos, Marcelo Rub\u00e9n S\u00e1nchez, un acuerdo por el cual se apunta a la inserci\u00f3n laboral de internos aptos para realizar trabajos en dependencias de dicha Secretar\u00eda &nbsp; &nbsp; &nbsp; \u201cEsto forma parte del trabajo mancomunado entre los distintos organismos del Estado provincial, tal como lo ha pedido siempre el gobernador Gustavo Bordet, y por el cual se le va a brindar la posibilidad de que realicen diferentes tareas que se necesitan en dependencias de&#8230;<\/p>\n","protected":false},"author":3,"featured_media":29092,"comment_status":"closed","ping_status":"closed","sticky":false,"template":"","format":"standard","meta":[],"categories":[15],"tags":[],"_links":{"self":[{"href":"https:\/\/www.actualidadadiario.com\/index.php\/wp-json\/wp\/v2\/posts\/29091"}],"collection":[{"href":"https:\/\/www.actualidadadiario.com\/index.php\/wp-json\/wp\/v2\/posts"}],"about":[{"href":"https:\/\/www.actualidadadiario.com\/index.php\/wp-json\/wp\/v2\/types\/post"}],"author":[{"embeddable":true,"href":"https:\/\/www.actualidadadiario.com\/index.php\/wp-json\/wp\/v2\/users\/3"}],"replies":[{"embeddable":true,"href":"https:\/\/www.actualidadadiario.com\/index.php\/wp-json\/wp\/v2\/comments?post=29091"}],"version-history":[{"count":1,"href":"https:\/\/www.actualidadadiario.com\/index.php\/wp-json\/wp\/v2\/posts\/29091\/revisions"}],"predecessor-version":[{"id":29093,"href":"https:\/\/www.actualidadadiario.com\/index.php\/wp-json\/wp\/v2\/posts\/29091\/revisions\/29093"}],"wp:featuredmedia":[{"embeddable":true,"href":"https:\/\/www.actualidadadiario.com\/index.php\/wp-json\/wp\/v2\/media\/29092"}],"wp:attachment":[{"href":"https:\/\/www.actualidadadiario.com\/index.php\/wp-json\/wp\/v2\/media?parent=29091"}],"wp:term":[{"taxonomy":"category","embeddable":true,"href":"https:\/\/www.actualidadadiario.com\/index.php\/wp-json\/wp\/v2\/categories?post=29091"},{"taxonomy":"post_tag","embeddable":true,"href":"https:\/\/www.actualidadadiario.com\/index.php\/wp-json\/wp\/v2\/tags?post=29091"}],"curies":[{"name":"wp","href":"https:\/\/api.w.org\/{rel}","templated":true}]}}