{"id":2909,"date":"2016-10-19T09:31:49","date_gmt":"2016-10-19T12:31:49","guid":{"rendered":"http:\/\/actualidadadiario.com\/site\/?p=2909"},"modified":"2016-10-19T09:31:49","modified_gmt":"2016-10-19T12:31:49","slug":"destacaron-la-continuidad-de-la-investigacion-de-los-delitos-de-lesa-humanidad-en-entre-rios","status":"publish","type":"post","link":"https:\/\/www.actualidadadiario.com\/index.php\/2016\/10\/19\/destacaron-la-continuidad-de-la-investigacion-de-los-delitos-de-lesa-humanidad-en-entre-rios\/","title":{"rendered":"Destacaron la continuidad de la investigaci\u00f3n de los delitos de lesa humanidad en Entre R\u00edos"},"content":{"rendered":"<p><em><strong>El Tribunal Oral Federal de Paran\u00e1 conden\u00f3 a 11 a\u00f1os de prisi\u00f3n a Atilio Ricardo C\u00e9paro por delitos cometidos durante la \u00faltima dictadura c\u00edvico militar. En ese marco, el subsecretario de Derechos Humanos, Mat\u00edas Germano, calific\u00f3 como \u201chist\u00f3rica\u201d a la sentencia y destac\u00f3 la importancia de este fallo, ya que \u201cle da continuidad al proceso de investigaci\u00f3n sobre los juicios por delitos de lesa humanidad en nuestra provincia\u201d<\/strong><\/em><\/p>\n<p>&nbsp;<\/p>\n<p>&nbsp;<\/p>\n<p>&nbsp;<\/p>\n<p>&nbsp;<\/p>\n<p>Ayer al mediod\u00eda, el Tribunal Oral Federal integrado por Lilia Carnero, Roberto L\u00f3pez Arango y Noem\u00ed Berros conden\u00f3 a Ricardo Atilio C\u00e9paro a la pena de 11 a\u00f1os de prisi\u00f3n por delitos que fueron cometidos en el marco del plan sistem\u00e1tico de represi\u00f3n ilegal que tuvo lugar durante la dictadura c\u00edvico-militar.<\/p>\n<p>Hoy el represor fue condenado por haber privado ilegalmente de su libertad y haber efectuado tormentos a una ciudadana que se encontraba en el Sanatorio La Entrerriana, donde era su lugar de trabajo, junto a un grupo de personas en la ma\u00f1ana del 23 de septiembre de 1976. Por entonces era oficial ayudante de la Polic\u00eda de Entre R\u00edos con prestaci\u00f3n de servicio en la Divisi\u00f3n de Despacho de la Jefatura Departamental de Paran\u00e1.<\/p>\n<p>\u201cEs una condena hist\u00f3rica que le da continuidad al proceso de investigaci\u00f3n sobre los juicios por delitos de lesa humanidad en nuestra provincia, sabiendo que esto es una realidad que ha sido construida por m\u00e1s de 40 a\u00f1os de lucha de los organismos de derechos humanos\u201d, sostuvo Germano.<\/p>\n<p>El subsecretario de Derechos Humanos agreg\u00f3: \u201cHace m\u00e1s de 10 a\u00f1os que tuvimos la reapertura de las causas en nuestra provincia. Hace cinco a\u00f1os tuvimos la primera sentencia en el marco de la Causa Hospital Militar, en el a\u00f1o 2011, y esto es parte de ese mismo proceso de lucha, de trabajo incansable y comprometido de los organismos; de los abogados que en los distintos juicios han querellado, de la justicia que ha sabido interpretar -en este caso este Tribunal- esta demanda hist\u00f3rica y este compromiso que deben tener con estos procesos\u201d, dijo y destac\u00f3 en particular el trabajo de los abogados Marcelo Boeykens y Sof\u00eda Uranga que llevaron adelante la acusaci\u00f3n particular de la Agrupaci\u00f3n H.I.J.O.S. Regional Paran\u00e1.<\/p>\n","protected":false},"excerpt":{"rendered":"<p>El Tribunal Oral Federal de Paran\u00e1 conden\u00f3 a 11 a\u00f1os de prisi\u00f3n a Atilio Ricardo C\u00e9paro por delitos cometidos durante la \u00faltima dictadura c\u00edvico militar. En ese marco, el subsecretario de Derechos Humanos, Mat\u00edas Germano, calific\u00f3 como \u201chist\u00f3rica\u201d a la sentencia y destac\u00f3 la importancia de este fallo, ya que \u201cle da continuidad al proceso de investigaci\u00f3n sobre los juicios por delitos de lesa humanidad en nuestra provincia\u201d &nbsp; &nbsp; &nbsp; &nbsp; Ayer al mediod\u00eda, el Tribunal Oral Federal integrado por Lilia Carnero, Roberto L\u00f3pez Arango y Noem\u00ed Berros conden\u00f3&#8230;<\/p>\n","protected":false},"author":3,"featured_media":2910,"comment_status":"closed","ping_status":"closed","sticky":false,"template":"","format":"standard","meta":[],"categories":[15],"tags":[],"_links":{"self":[{"href":"https:\/\/www.actualidadadiario.com\/index.php\/wp-json\/wp\/v2\/posts\/2909"}],"collection":[{"href":"https:\/\/www.actualidadadiario.com\/index.php\/wp-json\/wp\/v2\/posts"}],"about":[{"href":"https:\/\/www.actualidadadiario.com\/index.php\/wp-json\/wp\/v2\/types\/post"}],"author":[{"embeddable":true,"href":"https:\/\/www.actualidadadiario.com\/index.php\/wp-json\/wp\/v2\/users\/3"}],"replies":[{"embeddable":true,"href":"https:\/\/www.actualidadadiario.com\/index.php\/wp-json\/wp\/v2\/comments?post=2909"}],"version-history":[{"count":1,"href":"https:\/\/www.actualidadadiario.com\/index.php\/wp-json\/wp\/v2\/posts\/2909\/revisions"}],"predecessor-version":[{"id":2911,"href":"https:\/\/www.actualidadadiario.com\/index.php\/wp-json\/wp\/v2\/posts\/2909\/revisions\/2911"}],"wp:featuredmedia":[{"embeddable":true,"href":"https:\/\/www.actualidadadiario.com\/index.php\/wp-json\/wp\/v2\/media\/2910"}],"wp:attachment":[{"href":"https:\/\/www.actualidadadiario.com\/index.php\/wp-json\/wp\/v2\/media?parent=2909"}],"wp:term":[{"taxonomy":"category","embeddable":true,"href":"https:\/\/www.actualidadadiario.com\/index.php\/wp-json\/wp\/v2\/categories?post=2909"},{"taxonomy":"post_tag","embeddable":true,"href":"https:\/\/www.actualidadadiario.com\/index.php\/wp-json\/wp\/v2\/tags?post=2909"}],"curies":[{"name":"wp","href":"https:\/\/api.w.org\/{rel}","templated":true}]}}