{"id":29088,"date":"2018-06-26T10:05:47","date_gmt":"2018-06-26T13:05:47","guid":{"rendered":"https:\/\/www.actualidadadiario.com\/?p=29088"},"modified":"2018-11-06T19:43:15","modified_gmt":"2018-11-06T22:43:15","slug":"la-provincia-aumenta-con-fondos-propios-los-recursos-para-atender-la-politica-alimentaria","status":"publish","type":"post","link":"https:\/\/www.actualidadadiario.com\/index.php\/2018\/06\/26\/la-provincia-aumenta-con-fondos-propios-los-recursos-para-atender-la-politica-alimentaria\/","title":{"rendered":"La provincia aumenta con fondos propios los recursos para atender la pol\u00edtica alimentaria"},"content":{"rendered":"<p><em><strong>El fortalecimiento de la pol\u00edtica alimentaria y del emprendedurismo, fueron los temas centrales de la reuni\u00f3n que mantuvo este lunes el gobernador Gustavo Bordet con la ministra de Desarrollo Social, Laura Stratta<\/strong><\/em><\/p>\n<p>&nbsp;<\/p>\n<p>&nbsp;<\/p>\n<p>&nbsp;<\/p>\n<p>&nbsp;<\/p>\n<p>\u201cEl gobernador hace hincapi\u00e9 en que hay que atender las necesidades b\u00e1sicas, cubrirlas y generar estrategias de contenci\u00f3n a trav\u00e9s del emprendedurismo para que realmente transformemos la vida de las personas\u201d, dijo la funcionaria.<\/p>\n<p>&nbsp;<\/p>\n<p>Tras el encuentro, sostuvo la ministra: \u201cTrabajamos sobre el fortalecimiento de las pol\u00edticas alimentarias en la l\u00ednea Comedores escolares, Copa de leche y Tarjeta Social que se aumentar\u00e1 pr\u00f3ximamente. Y adem\u00e1s hablamos sobre las estrategias de Econom\u00eda Social para fortalecer el emprendedurismo y las destinadas a generar empleo genuino y digno en momentos tan dif\u00edciles como los que estamos atravesando\u201d.<\/p>\n<p>&nbsp;<\/p>\n<p>\u201cHace dos a\u00f1os que venimos atendiendo demandas que van en aumento y esto tiene que generar una respuesta por parte del Estado con una inversi\u00f3n que tambi\u00e9n se incrementa. Hemos tenido que hacer readecuaciones presupuestarias\u201d, mencion\u00f3 Stratta.<\/p>\n<p>&nbsp;<\/p>\n<p>En cuanto a la cobertura, precis\u00f3 que \u201cComedores escolares y Copa de leche se atienden con recursos 100 por ciento de la provincia y en el caso de Tarjeta Social cuando iniciamos la gesti\u00f3n el 80 por ciento era financiado por la Naci\u00f3n y el 20 por ciento restante la provincia. Ahora con el aumento que vamos a hacer va a quedar en un 60 por ciento la provincia y el 40 por ciento la naci\u00f3n porque \u00e9sta no aumenta los montos desde hace dos a\u00f1os y medio\u201d.<\/p>\n<p>&nbsp;<\/p>\n<p>Cabe mencionar que el gobierno provincial, a trav\u00e9s del Ministerio de Desarrollo Social, asiste mensualmente la siguiente cantidad de titulares de derechos a trav\u00e9s de los programas alimentarios:<\/p>\n<p>&nbsp;<\/p>\n<p>&#8211; Comedores escolares: 87.063 beneficiarios.<\/p>\n<p>&nbsp;<\/p>\n<p>&#8211; Copa de Leche Provincia (escuelas secundarias): 42.252 beneficiarios.<\/p>\n<p>&nbsp;<\/p>\n<p>&#8211; Copa de Leche Reforzada ex RAN (escuelas primarias):107.212 beneficiarios.<\/p>\n<p>&nbsp;<\/p>\n<p>&#8211; Tarjetas Sociales: 50.000 beneficiarios.<\/p>\n","protected":false},"excerpt":{"rendered":"<p>El fortalecimiento de la pol\u00edtica alimentaria y del emprendedurismo, fueron los temas centrales de la reuni\u00f3n que mantuvo este lunes el gobernador Gustavo Bordet con la ministra de Desarrollo Social, Laura Stratta &nbsp; &nbsp; &nbsp; &nbsp; \u201cEl gobernador hace hincapi\u00e9 en que hay que atender las necesidades b\u00e1sicas, cubrirlas y generar estrategias de contenci\u00f3n a trav\u00e9s del emprendedurismo para que realmente transformemos la vida de las personas\u201d, dijo la funcionaria. &nbsp; Tras el encuentro, sostuvo la ministra: \u201cTrabajamos sobre el fortalecimiento de las pol\u00edticas alimentarias en la l\u00ednea Comedores escolares,&#8230;<\/p>\n","protected":false},"author":3,"featured_media":29089,"comment_status":"closed","ping_status":"closed","sticky":false,"template":"","format":"standard","meta":[],"categories":[9,15],"tags":[],"_links":{"self":[{"href":"https:\/\/www.actualidadadiario.com\/index.php\/wp-json\/wp\/v2\/posts\/29088"}],"collection":[{"href":"https:\/\/www.actualidadadiario.com\/index.php\/wp-json\/wp\/v2\/posts"}],"about":[{"href":"https:\/\/www.actualidadadiario.com\/index.php\/wp-json\/wp\/v2\/types\/post"}],"author":[{"embeddable":true,"href":"https:\/\/www.actualidadadiario.com\/index.php\/wp-json\/wp\/v2\/users\/3"}],"replies":[{"embeddable":true,"href":"https:\/\/www.actualidadadiario.com\/index.php\/wp-json\/wp\/v2\/comments?post=29088"}],"version-history":[{"count":1,"href":"https:\/\/www.actualidadadiario.com\/index.php\/wp-json\/wp\/v2\/posts\/29088\/revisions"}],"predecessor-version":[{"id":29090,"href":"https:\/\/www.actualidadadiario.com\/index.php\/wp-json\/wp\/v2\/posts\/29088\/revisions\/29090"}],"wp:featuredmedia":[{"embeddable":true,"href":"https:\/\/www.actualidadadiario.com\/index.php\/wp-json\/wp\/v2\/media\/29089"}],"wp:attachment":[{"href":"https:\/\/www.actualidadadiario.com\/index.php\/wp-json\/wp\/v2\/media?parent=29088"}],"wp:term":[{"taxonomy":"category","embeddable":true,"href":"https:\/\/www.actualidadadiario.com\/index.php\/wp-json\/wp\/v2\/categories?post=29088"},{"taxonomy":"post_tag","embeddable":true,"href":"https:\/\/www.actualidadadiario.com\/index.php\/wp-json\/wp\/v2\/tags?post=29088"}],"curies":[{"name":"wp","href":"https:\/\/api.w.org\/{rel}","templated":true}]}}