{"id":29079,"date":"2018-06-25T10:33:19","date_gmt":"2018-06-25T13:33:19","guid":{"rendered":"https:\/\/www.actualidadadiario.com\/?p=29079"},"modified":"2018-11-06T19:43:15","modified_gmt":"2018-11-06T22:43:15","slug":"senor-presidente-senora-vicepresidenta","status":"publish","type":"post","link":"https:\/\/www.actualidadadiario.com\/index.php\/2018\/06\/25\/senor-presidente-senora-vicepresidenta\/","title":{"rendered":"Se\u00f1or presidente; se\u00f1ora vicepresidenta"},"content":{"rendered":"<p><em><strong>Una decena de Estados de Am\u00e9rica Latina tienen una mujer como n\u00famero dos del Ejecutivo, pero no hay ni una presidenta en toda la regi\u00f3n<\/strong><\/em><\/p>\n<p>&nbsp;<\/p>\n<p>&nbsp;<\/p>\n<p>&nbsp;<\/p>\n<p>Colombia va a marcar un hito con la primera mujer vicepresidenta en su historia. La llegada de la exministra Marta Luc\u00eda Ram\u00edrez al cargo el pr\u00f3ximo agosto confirma una tendencia en Am\u00e9rica Latina, donde la presencia femenina sigue extendi\u00e9ndose en primera fila de la pol\u00edtica, pese a que en estos momentos no hay ninguna presidenta. Con el final del segundo mandato de Michelle Bachellet en marzo pasado se cerraba una etapa en la regi\u00f3n en la que llegaron a coincidir cuatro mujeres en al frente de sus pa\u00edses. El peso de la vicepresidencia depende de cada pa\u00eds, pero las candidaturas paritarias \u2014cada vez m\u00e1s frecuentes, en un momento en el que el feminismo retoma fuerza\u2014 abren un espacio p\u00fablico que da visibilidad a la mujer en un \u00e1mbito todav\u00eda copado por hombres.<\/p>\n<p>&nbsp;<\/p>\n<p>Con perfiles y trayectorias muy diferentes, en Am\u00e9rica Latina hay m\u00e1s de una decena de vicepresidentas. \u201cAlgunas est\u00e1n porque han hecho carrera pol\u00edtica y era una consecuencia l\u00f3gica que estuvieran ah\u00ed y hay otras que han sido nominadas en las f\u00f3rmulas porque hay una suerte de tendencia de que es pol\u00edticamente correcto\u201d, reflexiona la profesora de la Universidad de Buenos Aires Virginia Garc\u00eda Beaudoux, que destaca el largo recorrido de la vicepresidenta de su pa\u00eds, Gabriela Michetti. En Venezuela, pa\u00eds sumido en una grave crisis, la semana pasada el mandatario Nicol\u00e1s Maduro, en un cambio de tim\u00f3n de su Gobierno, design\u00f3 a la ex canciller, Delcy Rodr\u00edguez, como su mano derecha. En el caso de Colombia, los dos candidatos que pasaron a la segunda vuelta \u2014el conservador Iv\u00e1n Duque y el exalcalde de izquierda Gustavo Petro\u2014 contaron con una mujer como aspirante a la vicepresidencia. Beaudoux, consultora pol\u00edtica especialista en asuntos de g\u00e9nero y autora del libro \u00bfQui\u00e9n teme el poder de las mujeres?, ve en algunos de los t\u00e1ndems pol\u00edticos en la regi\u00f3n cierta \u201chipocres\u00eda de una sociedad machista\u201d, pero cree que sea cual sea el motivo hay que &#8220;aprovechar toda la visibilidad, ocupar todos los espacios que se puedan ocupar&#8221;. &#8220;Creo que es un avance de todas las maneras&#8221;.<\/p>\n<p>&nbsp;<\/p>\n<p>El poder y las funciones del puesto de la vicepresidencia var\u00edan mucho de pa\u00eds en pa\u00eds, en Colombia es una figura m\u00e1s diplom\u00e1tica, explica el investigador de Am\u00e9rica Latina del Real Instituto Elcano, Carlos Malamud. En otros casos, puede ser una figura de mucho peso, como sucede en Nicaragua con Rosario Murillo, aunque su importancia, matiza, &#8220;no viene de su cargo sino de su relaci\u00f3n familiar con el presidente, replicando un patr\u00f3n negativo en la regi\u00f3n, la cuesti\u00f3n matrimonial como v\u00eda de acceso\u201d. Malamud destaca la presencia de las pol\u00edticas en otros \u00e1mbitos y pone como ejemplo el apoyo decisivo de las diputadas en el debate de la despenalizaci\u00f3n del aborto en Argentina. &#8220;Depende de cada caso, lo que es verdad es que el protagonismo femenino en la pol\u00edtica latinoamericana es creciente&#8221;, asegura.<\/p>\n<p>&nbsp;<\/p>\n<p><strong>Marta Luc\u00eda Ram\u00edrez. Colombia (2018)<\/strong><\/p>\n<p>La pol\u00edtica conservadora, abogada y con experiencia en el sector privado, tiene una larga trayectoria con experiencia en diferentes Gobiernos. Durante la presidencia de C\u00e9sar Gaviria (1990-1994) del Partido Liberal Colombiano, fue viceministra de Comercio Exterior. En 1998 ocup\u00f3 esa misma cartera como ministra con Andr\u00e9s Pastrana. Posteriormente, fue embajadora de Colombia en Francia, hasta que en 2002 el presidente \u00c1lvaro Uribe le ofreci\u00f3 ser ministra de Defensa, una \u00e9poca todav\u00eda con la guerrilla de las Fuerzas Armadas Revolucionarias de Colombia (FARC) en activo. (En 2003 dimiti\u00f3 de su cargo por un enfrentamiento con la c\u00fapula militar por la reestructuraci\u00f3n del ministerio).<\/p>\n<p>&nbsp;<\/p>\n<p>Ram\u00edrez, de 63 a\u00f1os, fue elegida senadora del Partido de la U en 2006, y cuatro a\u00f1os m\u00e1s tarde hizo su primer intento para concurrir a las presidenciales, pero perdi\u00f3 las primaras del Partido Conservador. El segundo fue en 2014, elecciones en las que gan\u00f3 Juan Manuel Santos. Este a\u00f1o tampoco fue la elegida para representar al bloque conservador, pero en marzo anunciaron que concurr\u00eda con Iv\u00e1n Duque como candidata a vicepresidenta.<\/p>\n<p>&nbsp;<\/p>\n<p>&nbsp;<\/p>\n<p><strong>Delcy Rodr\u00edguez. Venezuela (2018)<\/strong><\/p>\n<p>El presidente Nicol\u00e1s Maduro anunci\u00f3 la semana pasada cambios en su Gabinete. Uno de los m\u00e1s significativos fue la designaci\u00f3n de la ex canciller Delcy Rodr\u00edguez como vicepresidenta. Rodr\u00edguez (1969), abogada y pol\u00edtica, pertenece al c\u00edrculo de confianza del mandatario y ha desempe\u00f1ado diversos cargos. Desde agosto de 2017, era presidenta de la Asamblea Nacional Constituyente, establecida por Maduro el a\u00f1o pasado para redactar una nueva Constituci\u00f3n. Anteriormente fue ministra para la Comunicaci\u00f3n e Informaci\u00f3n (2013-2014), puesto que ahora ocupa su hermano Jorge Rodr\u00edguez. Fue la jefa de la diplomacia venezolana como ministra de Relaciones Exteriores y ha representado al Gobierno de Venezuela en el di\u00e1logo con la oposici\u00f3n, en el que participa el expresidente de Espa\u00f1a Jos\u00e9 Luis Rodr\u00edguez Zapatero.<\/p>\n<p>&nbsp;<\/p>\n<p>&nbsp;<\/p>\n<p><strong>Epsy Campbell. Costa Rica (2018)<\/strong><\/p>\n<p>La exdiputada es tambi\u00e9n ministra de Relaciones Exteriores. Campbell (1963), pol\u00edtica y economista, no es la primera vicepresidenta en Costa Rica, pero s\u00ed la primera mujer negra en ocupar ese cargo en el pa\u00eds. Durante su trayectoria pol\u00edtica ha sido diputada del Partido Acci\u00f3n Ciudadana (PAC) en dos periodos (2002-2006; 2014-2018) y presidenta del partido entre 2005 y 2009, en el que milita desde que se fund\u00f3.<\/p>\n<p>&nbsp;<\/p>\n<p>En paralelo con su actividad pol\u00edtica ha sido una de las l\u00edderes del movimiento de afrodescendientes en Am\u00e9rica Latina. Fue coordinadora de la Red de Mujeres Afrolatinoamericanas y Afrocaribe\u00f1as (1997-2001) y del Foro de Mujeres para la Integraci\u00f3n Centroamericana (1996-2001). Es una de las fundadoras del Centro de Mujeres Afrocostarricenses y del foro Parlamento Negro de las Am\u00e9ricas. Ha publicado art\u00edculos sobre sexismo, racismo e integraci\u00f3n. En sus propias palabras: \u201cFeminizar la pol\u00edtica es el reto del siglo XXI\u201d.<\/p>\n<p>&nbsp;<\/p>\n<p>&nbsp;<\/p>\n<p><strong>Mar\u00eda Alejandra Vicu\u00f1a. Ecuador (2018)<\/strong><\/p>\n<p>El pasado enero, Vicu\u00f1a asumi\u00f3 el cargo en sustituci\u00f3n del vicepresidente Jorge Glas, condenado por su participaci\u00f3n en la trama de corrupci\u00f3n de la constructora brasile\u00f1a Odebrecht. Licenciada en derecho (1978), llevaba apenas cinco meses como ministra de Desarrollo Urbano y Vivienda cuando el presidente Len\u00edn Moreno la design\u00f3 vicepresidenta de forma temporal tras la detenci\u00f3n de Glas. Posteriormente el mandatario present\u00f3 una terna \u2014en la que estaban la canciller Mar\u00eda Fernanda Espinosa y la ministra de Justicia Rosana Alvarado\u2014 a la Asamblea Nacional para que eligieran al sucesor por votaci\u00f3n.<\/p>\n<p>&nbsp;<\/p>\n<p>Vicu\u00f1a, de 40 a\u00f1os, ha estado vinculada al partido Alianza Pa\u00eds desde su juventud. Fue elegida asamble\u00edsta en 2009 y 2013. Durante este periodo particip\u00f3 en varias comisiones sobre salud y educaci\u00f3n.<\/p>\n<p>&nbsp;<\/p>\n<p>&nbsp;<\/p>\n<p><strong>Mercedes Araoz. Per\u00fa (2018)<\/strong><\/p>\n<p>La crisis de Gobierno que supuso la renuncia del presidente Pedro Pablo Kuczynski el pasado marzo llev\u00f3 a Araoz, hasta entonces segunda vicepresidenta, al cargo de n\u00famero dos del nuevo Ejecutivo de Mart\u00edn Vizcarra. Licenciada en Econom\u00eda, entr\u00f3 en el sector p\u00fablico en 2002 como asesora del viceministro de Comercio Exterior. Ocup\u00f3 las carteras de Comercio Exterior y Turismo, la de Producci\u00f3n y la de Econom\u00eda del segundo Gobierno de Alan Garc\u00eda (2006-2011). En el 2011 se present\u00f3 como candidata a las presidenciales con el Partido Aprista Peruano (PAP), pero finalmente renunci\u00f3. Kuczynski la incluy\u00f3 en su lista en 2016.<\/p>\n<p>&nbsp;<\/p>\n<p>&nbsp;<\/p>\n<p><strong>Alicia Pucheta. Paraguay (2018)<\/strong><\/p>\n<p>La exmagistrada de la Corte Suprema de Justicia tambi\u00e9n logr\u00f3 un hito en su pa\u00eds al ser designada tras la renuncia de Juan Afara. Pucheta podr\u00eda llegar a ser la primera presidenta del pa\u00eds \u2014por un breve periodo\u2014 si los legisladores aceptan la renuncia de Horacio Cartes antes de finalizar su mandato, en agosto, para jurar como senador y garantizar su esca\u00f1o. Paraguay celebr\u00f3 elecciones el pasado 20 de abril que gan\u00f3 el candidato del oficialista Partido Colorado, Mario Abdo.<\/p>\n<p>&nbsp;<\/p>\n<p>&nbsp;<\/p>\n<p><strong>Luc\u00eda Topolansky. Uruguay (2017)<\/strong><\/p>\n<p>La ex activista \u00a0de la agrupaci\u00f3n Tupamaros, que ha dedicado toda su vida a la pol\u00edtica, se convirti\u00f3 en vicepresidenta en septiembre de 2017, tras la dimisi\u00f3n de Ra\u00fal Sendic por un esc\u00e1ndalo de malversaci\u00f3n de fondos p\u00fablicos. Era entonces senadora. Topolansky, de 73 a\u00f1os, que pertenece al Movimiento de Participaci\u00f3n Popular (MPP) integrado la coalici\u00f3n de izquierda Frente Amplio, es tambi\u00e9n esposa del expresidente Jos\u00e9 Mujica (2010-2015). Se casaron en 2005 en una ceremonia \u00edntima despu\u00e9s de compartir durante a\u00f1os trinchera pol\u00edtica, antes de que Mujica fuera elegido presidente. Conocida en su \u00e9poca de clandestinidad con el sobrenombre de Ana, es una l\u00edder pol\u00edtica de amplia trayectoria parlamentaria por derecho propio. Milit\u00f3 en el Movimiento de Liberaci\u00f3n Nacional-Tupamaros (MLN-T) con su hermana gemela Mar\u00eda Elia, una guerrilla urbana de izquierda radical. Fue encarcelada en 1971, escap\u00f3 de prisi\u00f3n y volvi\u00f3 a la c\u00e1rcel, donde pas\u00f3 13 a\u00f1os hasta que fue amnistiada en 1985. Tras la dictadura militar (1973-1985) fund\u00f3 con otros ex tupamaros el MPP, donde ocup\u00f3 diversos cargos. Ha sido elegida edil, diputada y senadora (la m\u00e1s votada del pa\u00eds en 2009 y 2014).<\/p>\n<p>&nbsp;<\/p>\n<p>&nbsp;<\/p>\n<p><strong>Rosario Murillo. Nicaragua (2017)<\/strong><\/p>\n<p>Activista pol\u00edtica del movimiento sandinista, escritora y pol\u00edtica, Murillo es primera dama desde 2007. Su esposo, el presidente Daniel Ortega, la design\u00f3 candidata a la vicepresidencia por el oficialista Frente Sandinista de Liberaci\u00f3n Nacional (FSLN) para las cuestionadas elecciones de 2016, que ganaron. Murillo ya participaba en la gesti\u00f3n del Gobierno de manera extraoficial. Es promotora de una doctrina que mezcla catolicismo, misticismo, s\u00edmbolos prehisp\u00e1nicos y sandinismo. En una etapa anterior, Murillo fue diputada electa (entre 1984-1990) durante el primer Gobierno de Ortega, tras la dictadura de Anastasio Somoza.<\/p>\n<p>&nbsp;<\/p>\n<p>&nbsp;<\/p>\n<p><strong>Gabriela Michetti. Argentina (2015)<\/strong><\/p>\n<p>Fue la diputada m\u00e1s votada por la ciudad de Buenos Aires en 2009. Licenciada en Relaciones Internacionales (1965), ya como diputada era considerada la mano derecha de Mauricio Macri, quien la eligi\u00f3 como compa\u00f1era pol\u00edtica para las elecciones de 2015. Era una dirigente conocida, que anteriormente hab\u00eda sido vicejefa de la alcald\u00eda de Buenos Aires, senadora y hab\u00eda competido para ser jefa del Gobierno de la capital. En 1994, conduciendo sin cintur\u00f3n de seguridad, sufri\u00f3 un accidente que la dej\u00f3 parapl\u00e9jica.<\/p>\n<p>&nbsp;<\/p>\n<p>&nbsp;<\/p>\n<p><strong>Isabel De Saint Malo. Panam\u00e1 (2014)<\/strong><\/p>\n<p>Es vicepresidenta y canciller de Panam\u00e1 en el Gobierno de Juan Carlos Varela desde 2014. El mandatario la eligi\u00f3 como candidata independiente y fue la primera mujer en ocupar ambos cargos en el pa\u00eds. Aunque no ten\u00eda experiencia pol\u00edtica, trabaj\u00f3 en el programa de Naciones Unidas para el Desarrollo entre 2001 y 2008, y ejerci\u00f3 como embajadora alterna de Panam\u00e1 ante la ONU. De Saint es licenciada en Relaciones Internacionales y tiene 49 a\u00f1os. Entre los objetivos que marca como viceministra se\u00f1ala la transparencia, la lucha contra la corrupci\u00f3n y la equidad de g\u00e9nero.<\/p>\n<p>&nbsp;<\/p>\n<p>&nbsp;<\/p>\n<p><strong>Margarita Cede\u00f1o. Rep\u00fablica Dominicana (2012)<\/strong><\/p>\n<p>La abogada, de 53 a\u00f1os, asumi\u00f3 el cargo como n\u00famero dos de Danilo Medina en 2012, despu\u00e9s de ocho a\u00f1os como primera dama con Leonel Fern\u00e1ndez. Cede\u00f1o baraj\u00f3 presentarse como candidata a la presidencia por el Partido de la Liberaci\u00f3n Dominicana (PLD), al que pertenec\u00eda su esposo, aunque al final accedi\u00f3 ir de n\u00famero dos. Durante sus a\u00f1os de primera dama particip\u00f3 en numerosos programas sociales que le dieron popularidad en el pa\u00eds, aunque tambi\u00e9n ha sido acusada de haber aprovechado su visibilidad para impulsar su carrera.<\/p>\n","protected":false},"excerpt":{"rendered":"<p>Una decena de Estados de Am\u00e9rica Latina tienen una mujer como n\u00famero dos del Ejecutivo, pero no hay ni una presidenta en toda la regi\u00f3n &nbsp; &nbsp; &nbsp; Colombia va a marcar un hito con la primera mujer vicepresidenta en su historia. La llegada de la exministra Marta Luc\u00eda Ram\u00edrez al cargo el pr\u00f3ximo agosto confirma una tendencia en Am\u00e9rica Latina, donde la presencia femenina sigue extendi\u00e9ndose en primera fila de la pol\u00edtica, pese a que en estos momentos no hay ninguna presidenta. Con el final del segundo mandato de&#8230;<\/p>\n","protected":false},"author":3,"featured_media":29080,"comment_status":"closed","ping_status":"closed","sticky":false,"template":"","format":"standard","meta":[],"categories":[4],"tags":[],"_links":{"self":[{"href":"https:\/\/www.actualidadadiario.com\/index.php\/wp-json\/wp\/v2\/posts\/29079"}],"collection":[{"href":"https:\/\/www.actualidadadiario.com\/index.php\/wp-json\/wp\/v2\/posts"}],"about":[{"href":"https:\/\/www.actualidadadiario.com\/index.php\/wp-json\/wp\/v2\/types\/post"}],"author":[{"embeddable":true,"href":"https:\/\/www.actualidadadiario.com\/index.php\/wp-json\/wp\/v2\/users\/3"}],"replies":[{"embeddable":true,"href":"https:\/\/www.actualidadadiario.com\/index.php\/wp-json\/wp\/v2\/comments?post=29079"}],"version-history":[{"count":1,"href":"https:\/\/www.actualidadadiario.com\/index.php\/wp-json\/wp\/v2\/posts\/29079\/revisions"}],"predecessor-version":[{"id":29081,"href":"https:\/\/www.actualidadadiario.com\/index.php\/wp-json\/wp\/v2\/posts\/29079\/revisions\/29081"}],"wp:featuredmedia":[{"embeddable":true,"href":"https:\/\/www.actualidadadiario.com\/index.php\/wp-json\/wp\/v2\/media\/29080"}],"wp:attachment":[{"href":"https:\/\/www.actualidadadiario.com\/index.php\/wp-json\/wp\/v2\/media?parent=29079"}],"wp:term":[{"taxonomy":"category","embeddable":true,"href":"https:\/\/www.actualidadadiario.com\/index.php\/wp-json\/wp\/v2\/categories?post=29079"},{"taxonomy":"post_tag","embeddable":true,"href":"https:\/\/www.actualidadadiario.com\/index.php\/wp-json\/wp\/v2\/tags?post=29079"}],"curies":[{"name":"wp","href":"https:\/\/api.w.org\/{rel}","templated":true}]}}