{"id":29073,"date":"2018-06-25T10:31:40","date_gmt":"2018-06-25T13:31:40","guid":{"rendered":"https:\/\/www.actualidadadiario.com\/?p=29073"},"modified":"2018-11-06T19:43:15","modified_gmt":"2018-11-06T22:43:15","slug":"paraguay-celebro-a-chiquitunga-la-primera-mujer-beatificada-en-el-pais","status":"publish","type":"post","link":"https:\/\/www.actualidadadiario.com\/index.php\/2018\/06\/25\/paraguay-celebro-a-chiquitunga-la-primera-mujer-beatificada-en-el-pais\/","title":{"rendered":"Paraguay celebr\u00f3 a Chiquitunga, la primera mujer beatificada en el pa\u00eds"},"content":{"rendered":"<p><em><strong>Una marea de fieles cat\u00f3licos colm\u00f3 el estadio de Cerro Porte\u00f1o ayer durante la fiesta de beatificaci\u00f3n de Mar\u00eda Felicia de Jes\u00fas Sacramentado, \u201cmejor conocida como Chiquitunga\u201d<\/strong><\/em><\/p>\n<p>&nbsp;<\/p>\n<p>&nbsp;<\/p>\n<p>&nbsp;<\/p>\n<p>&nbsp;<\/p>\n<p>Esa expresi\u00f3n us\u00f3 el cardenal Angelo Amato, prefecto del Dicasterio para la Causa de los Santos, quien vino al pa\u00eds con la misi\u00f3n exclusiva de declarar beata a la carmelita paraguaya.<\/p>\n<p>&nbsp;<\/p>\n<p>Alrededor de 50.000 devotos llenaron las gradas del coliseo deportivo y los alrededores del c\u00e9sped. Centenares de personas se quedaron fuera, sin poder ingresar al abarrotado recinto.<\/p>\n<p>&nbsp;<\/p>\n<p>Ovaci\u00f3n y aplausos bajaban permanentes de las tribunas, durante la previa al rito de beatificaci\u00f3n con las canciones dedicadas a la beata y un elenco teatral que recre\u00f3 la corta e intensa vida de la carmelita.<\/p>\n<p>&nbsp;<\/p>\n<p>A las palmas del p\u00fablico le acompa\u00f1\u00f3 una aclamaci\u00f3n general al t\u00e9rmino de la lectura \u2013en lat\u00edn\u2013 de la carta apost\u00f3lica: los presentes ten\u00edan en un folleto la traducci\u00f3n en castellano del decreto del Papa. \u201cSea llamada Beata, de ahora en adelante, y que el 28 de abril, d\u00eda de su nacimiento en el cielo, pueda ser celebrada cada a\u00f1o en los lugares y modos establecidos\u201d, ley\u00f3 el purpurado dejando sentada as\u00ed la fecha en que ser\u00e1 recordada cada a\u00f1o la beata Chiquitunga. \u201cLes traigo el saludo del Santo Padre. \u00c9l les recuerda siempre con cari\u00f1o y les hace llegar su bendici\u00f3n\u201d, dijo el enviado de Francisco antes de brindar su homil\u00eda centrada en el legado y an\u00e9cdotas de Mar\u00eda Felicia.<\/p>\n<p>&nbsp;<\/p>\n<p>&nbsp;<\/p>\n<p><strong>Ejemplo<\/strong><\/p>\n<p>En su serm\u00f3n, el cardenal Amato se\u00f1al\u00f3 que Chiquitunga es un ejemplo de vida para todas las personas.<\/p>\n<p>&nbsp;<\/p>\n<p>\u201cTestigos hablan de una fe inmensa, convencida, expansiva que se exteriorizaba a trav\u00e9s de todos los poros; que se manifestaba diariamente en la propia obediencia, en la caridad, la humildad de pedir perd\u00f3n en lo que son los errores propios y por los dem\u00e1s\u201d, refiri\u00f3 al valorar que en un periodo de convulsiones pol\u00edticas, ella fue capaz de dar su vida por la fe.<\/p>\n<p>&nbsp;<\/p>\n<p>\u201cTanto en la Acci\u00f3n Cat\u00f3lica como en el convento siempre estuvo disponible para colaborar, para ayudar, para promover la concordia. Fue caritativa y generosa con los marginados, los ancianos, los pobres, los enfermos; algunos testigos la comparan con la Madre Teresa de Calcuta\u201d, cont\u00f3.<\/p>\n<p>&nbsp;<\/p>\n<p>&nbsp;<\/p>\n<p><strong>Santidad<\/strong><\/p>\n<p>Rescat\u00f3 que la beata \u201crenunci\u00f3 al amor humano para entreg\u00e1rselo al Se\u00f1or\u201d, en un acto de oblaci\u00f3n a Dios.<\/p>\n<p>&nbsp;<\/p>\n<p>\u201cExhortaba a los sacerdotes a ser santos, despu\u00e9s de todo, esta era su mayor aspiraci\u00f3n: ascender d\u00eda tras d\u00eda en la escalera de la perfecci\u00f3n hasta alcanzar la santidad. Chiquitunga renunci\u00f3 al amor humano para entregarse completamente a Dios\u201d, remarc\u00f3.<\/p>\n<p>&nbsp;<\/p>\n<p>Amato resalt\u00f3 que toda la existencia de Chiquitunga est\u00e1 llena de episodios de bondad, caridad y humildad. \u201cEs una verdadera biblioteca de santidad; una gran figura de joven generosa y alegre, viviendo integralmente su bautismo y su consagraci\u00f3n religiosa\u201d, defini\u00f3 y agreg\u00f3 que en su pr\u00e9dica ley\u00f3 \u201csolo unas pocas p\u00e1ginas de la maravillosa antolog\u00eda de vida\u201d de Mar\u00eda Felicia.<\/p>\n<p>&nbsp;<\/p>\n<p>Las cerca de 50.000 almas acompa\u00f1aron el Padrenuestro en guaran\u00ed. Monjas carmelitas descalzas y un fray de la orden acercaron el cerebro incorrupto de Chiquitunga. El chico del milagro, \u00c1ngel Ram\u00f3n, acompa\u00f1\u00f3 junto a su madre la procesi\u00f3n con la reliquia que, al final de la eucarist\u00eda, fue llevada en caravana hasta el monasterio de las carmelitas.<\/p>\n","protected":false},"excerpt":{"rendered":"<p>Una marea de fieles cat\u00f3licos colm\u00f3 el estadio de Cerro Porte\u00f1o ayer durante la fiesta de beatificaci\u00f3n de Mar\u00eda Felicia de Jes\u00fas Sacramentado, \u201cmejor conocida como Chiquitunga\u201d &nbsp; &nbsp; &nbsp; &nbsp; Esa expresi\u00f3n us\u00f3 el cardenal Angelo Amato, prefecto del Dicasterio para la Causa de los Santos, quien vino al pa\u00eds con la misi\u00f3n exclusiva de declarar beata a la carmelita paraguaya. &nbsp; Alrededor de 50.000 devotos llenaron las gradas del coliseo deportivo y los alrededores del c\u00e9sped. Centenares de personas se quedaron fuera, sin poder ingresar al abarrotado recinto&#8230;.<\/p>\n","protected":false},"author":3,"featured_media":29074,"comment_status":"closed","ping_status":"closed","sticky":false,"template":"","format":"standard","meta":[],"categories":[4],"tags":[],"_links":{"self":[{"href":"https:\/\/www.actualidadadiario.com\/index.php\/wp-json\/wp\/v2\/posts\/29073"}],"collection":[{"href":"https:\/\/www.actualidadadiario.com\/index.php\/wp-json\/wp\/v2\/posts"}],"about":[{"href":"https:\/\/www.actualidadadiario.com\/index.php\/wp-json\/wp\/v2\/types\/post"}],"author":[{"embeddable":true,"href":"https:\/\/www.actualidadadiario.com\/index.php\/wp-json\/wp\/v2\/users\/3"}],"replies":[{"embeddable":true,"href":"https:\/\/www.actualidadadiario.com\/index.php\/wp-json\/wp\/v2\/comments?post=29073"}],"version-history":[{"count":1,"href":"https:\/\/www.actualidadadiario.com\/index.php\/wp-json\/wp\/v2\/posts\/29073\/revisions"}],"predecessor-version":[{"id":29075,"href":"https:\/\/www.actualidadadiario.com\/index.php\/wp-json\/wp\/v2\/posts\/29073\/revisions\/29075"}],"wp:featuredmedia":[{"embeddable":true,"href":"https:\/\/www.actualidadadiario.com\/index.php\/wp-json\/wp\/v2\/media\/29074"}],"wp:attachment":[{"href":"https:\/\/www.actualidadadiario.com\/index.php\/wp-json\/wp\/v2\/media?parent=29073"}],"wp:term":[{"taxonomy":"category","embeddable":true,"href":"https:\/\/www.actualidadadiario.com\/index.php\/wp-json\/wp\/v2\/categories?post=29073"},{"taxonomy":"post_tag","embeddable":true,"href":"https:\/\/www.actualidadadiario.com\/index.php\/wp-json\/wp\/v2\/tags?post=29073"}],"curies":[{"name":"wp","href":"https:\/\/api.w.org\/{rel}","templated":true}]}}