{"id":29067,"date":"2018-06-25T10:24:25","date_gmt":"2018-06-25T13:24:25","guid":{"rendered":"https:\/\/www.actualidadadiario.com\/?p=29067"},"modified":"2018-11-06T19:43:15","modified_gmt":"2018-11-06T22:43:15","slug":"etchevehere-recibe-a-la-mesa-de-enlace-para-imponer-la-vuelta-de-las-retenciones","status":"publish","type":"post","link":"https:\/\/www.actualidadadiario.com\/index.php\/2018\/06\/25\/etchevehere-recibe-a-la-mesa-de-enlace-para-imponer-la-vuelta-de-las-retenciones\/","title":{"rendered":"Etchevehere recibe a la Mesa de Enlace para imponer la vuelta de las retenciones"},"content":{"rendered":"<p><em><strong>Luego de estar reunidos por espacio de cinco horas en la sede de la Sociedad Rural Argentina el pasado viernes, la Mesa de Enlace cerr\u00f3 filas ante lo que esperan les pedir\u00e1 ma\u00f1ana el Ministro de Agroindustria, Luis Miguel Etchevehere quien buscar\u00e1 que el campo acepte suspender la baja de las retenciones a la soja que hoy tributa el 27 por ciento. Las entidades acordaron no ceder de &#8220;ninguna manera&#8221;, as\u00ed se lo recalcaron las bases que recordaron la crisis que atraviesa el campo por la sequ\u00eda, altos costos e inflaci\u00f3n<\/strong><\/em><\/p>\n<p>&nbsp;<\/p>\n<p>&nbsp;<\/p>\n<p>&nbsp;<\/p>\n<p>&nbsp;<\/p>\n<p>Desde Confederaciones Rurales Argentina (CRA), su presidente Dardo Chiesa afirm\u00f3 a BAE Negocios que &#8220;las cuatro entidades estamos absolutamente en contra. No se pueden cambiar las reglas de juego y m\u00e1s cuando el productor est\u00e1 sembrando trigo. Ser\u00eda una mala se\u00f1al volver a cambiar las reglas de juego&#8221;.<\/p>\n<p>&nbsp;<\/p>\n<p>Tambi\u00e9n desde Coninagro, su vicepresidente Egidio Mailland sostuvo a este medio que &#8220;si bien no tenemos la versi\u00f3n oficial ya que por ahora son s\u00f3lo rumores en los medios las bases afirmaron no estar de acuerdo con discontinuar la baja de retenciones en soja. El sector viene atravesando la crisis de la sequ\u00eda&#8221;, el dirigente agreg\u00f3 que &#8220;si bien no hay una agenda establecida con Agroindustria, si sale el tema, se dir\u00e1 que no se aceptar\u00e1 de ninguna manera. Hay unanimidad al respecto&#8221;.<\/p>\n<p>&nbsp;<\/p>\n<p>Varias fuentes consultadas de la Jefatura de gabinete reconocieron que el presidente Mauricio Macri no avala frenar los derechos de exportaci\u00f3n a la soja y mucho menos reinstalarlas en trigo y ma\u00edz. Se habl\u00f3 en su momento del 10%, pero ahora se piensa en un 5 por ciento. Esto podr\u00eda pasar una vez finalizada la siembra en agosto pr\u00f3ximo.<\/p>\n<p>&nbsp;<\/p>\n<p>Sin embargo los m\u00e1s allegados al Presidente insisten en que hay que &#8220;recortar&#8221; y en esa misma l\u00ednea hablan de un &#8220;gesto patri\u00f3tico&#8221; para que se frene la baja gradual de las retenciones a la soja al menos hasta enero de 2019. Hoy tributa al 27 por ciento. Vale recordar que el mismo Macri en 2016 sali\u00f3 p\u00fablicamente a anunciar que pospon\u00eda la quita a partir de la cr\u00edtica situaci\u00f3n fiscal y social. El campo hab\u00eda dado el visto nuevo.<\/p>\n<p>&nbsp;<\/p>\n<p>Si bien el mismo Etchevehere se\u00f1al\u00f3 en reiteradas oportunidades que no habr\u00e1 tal baja, el ministro de Hacienda y Finanzas, Nicol\u00e1s Dujovne nunca lo desminti\u00f3 y por el contrario se mostr\u00f3 enojado ante la defensa que hiciera el ex presidente de la SRA.<\/p>\n<p>&nbsp;<\/p>\n<p>Puertas adentro, las entidades reconocen que &#8220;los cambios recientes en el Gabinete se orientan a encuadrar un equipo fiscalista algo que no se logr\u00f3 en dos a\u00f1os y medio de gesti\u00f3n, y que son las metas del FMI&#8221;, en ese contexto se\u00f1alaron que &#8220;no ser\u00eda sorpresivo que frente al gran desfasaje vuelvan a echar mano al campo con el retorno de las retenciones&#8221;.<\/p>\n<p>&nbsp;<\/p>\n<p>No por algo a\u00fan no fueron recibidos por Macri. &#8220;Por eso vamos a repetir el pedido al Presidente porque ha pasado un mes y no hubo respuesta&#8221;, adelant\u00f3 Chiesa. El mandatario entiende que no hay nada que aclarar aunque uno de los motivos del fallido encuentro es que se habr\u00eda mostrado enojado por la defensa del campo.<\/p>\n","protected":false},"excerpt":{"rendered":"<p>Luego de estar reunidos por espacio de cinco horas en la sede de la Sociedad Rural Argentina el pasado viernes, la Mesa de Enlace cerr\u00f3 filas ante lo que esperan les pedir\u00e1 ma\u00f1ana el Ministro de Agroindustria, Luis Miguel Etchevehere quien buscar\u00e1 que el campo acepte suspender la baja de las retenciones a la soja que hoy tributa el 27 por ciento. Las entidades acordaron no ceder de &#8220;ninguna manera&#8221;, as\u00ed se lo recalcaron las bases que recordaron la crisis que atraviesa el campo por la sequ\u00eda, altos costos e&#8230;<\/p>\n","protected":false},"author":3,"featured_media":29068,"comment_status":"closed","ping_status":"closed","sticky":false,"template":"","format":"standard","meta":[],"categories":[18],"tags":[],"_links":{"self":[{"href":"https:\/\/www.actualidadadiario.com\/index.php\/wp-json\/wp\/v2\/posts\/29067"}],"collection":[{"href":"https:\/\/www.actualidadadiario.com\/index.php\/wp-json\/wp\/v2\/posts"}],"about":[{"href":"https:\/\/www.actualidadadiario.com\/index.php\/wp-json\/wp\/v2\/types\/post"}],"author":[{"embeddable":true,"href":"https:\/\/www.actualidadadiario.com\/index.php\/wp-json\/wp\/v2\/users\/3"}],"replies":[{"embeddable":true,"href":"https:\/\/www.actualidadadiario.com\/index.php\/wp-json\/wp\/v2\/comments?post=29067"}],"version-history":[{"count":1,"href":"https:\/\/www.actualidadadiario.com\/index.php\/wp-json\/wp\/v2\/posts\/29067\/revisions"}],"predecessor-version":[{"id":29069,"href":"https:\/\/www.actualidadadiario.com\/index.php\/wp-json\/wp\/v2\/posts\/29067\/revisions\/29069"}],"wp:featuredmedia":[{"embeddable":true,"href":"https:\/\/www.actualidadadiario.com\/index.php\/wp-json\/wp\/v2\/media\/29068"}],"wp:attachment":[{"href":"https:\/\/www.actualidadadiario.com\/index.php\/wp-json\/wp\/v2\/media?parent=29067"}],"wp:term":[{"taxonomy":"category","embeddable":true,"href":"https:\/\/www.actualidadadiario.com\/index.php\/wp-json\/wp\/v2\/categories?post=29067"},{"taxonomy":"post_tag","embeddable":true,"href":"https:\/\/www.actualidadadiario.com\/index.php\/wp-json\/wp\/v2\/tags?post=29067"}],"curies":[{"name":"wp","href":"https:\/\/api.w.org\/{rel}","templated":true}]}}