{"id":29064,"date":"2018-06-25T10:23:45","date_gmt":"2018-06-25T13:23:45","guid":{"rendered":"https:\/\/www.actualidadadiario.com\/?p=29064"},"modified":"2018-11-06T19:43:15","modified_gmt":"2018-11-06T22:43:15","slug":"paro-general-de-la-cgt-contra-la-politica-de-ajuste-del-gobierno-y-el-acuerdo-con-el-fmi","status":"publish","type":"post","link":"https:\/\/www.actualidadadiario.com\/index.php\/2018\/06\/25\/paro-general-de-la-cgt-contra-la-politica-de-ajuste-del-gobierno-y-el-acuerdo-con-el-fmi\/","title":{"rendered":"Paro general de la CGT contra la pol\u00edtica de ajuste del Gobierno y el acuerdo con el FMI"},"content":{"rendered":"<p><em><strong>La tercera huelga de la era Macri empez\u00f3 a las o horas de este domingo. No hay transporte y no funcionan la mayor\u00eda de las actividades y servicios del pa\u00eds. Adhieren las dos CTA y distintas fuerzas pol\u00edticas<\/strong><\/em><\/p>\n<p>&nbsp;<\/p>\n<p>&nbsp;<\/p>\n<p>&nbsp;<\/p>\n<p>&nbsp;<\/p>\n<p>La CGT comenz\u00f3 a las 12 de la noche lunes su tercer paro nacional en la gesti\u00f3n de Mauricio Macri en rechazo a las pol\u00edticas del Gobierno, con lo cual no funcionar\u00e1n la mayor\u00eda de las actividades y servicios del pa\u00eds, incluyendo escuelas, dependencias p\u00fablicas, transporte y comercios.<\/p>\n<p>&nbsp;<\/p>\n<p>La medida de fuerza no ser\u00e1 s\u00f3lo de los sindicatos que integran la entidad de la calle Azopardo, sino que adem\u00e1s incluye a los gremios de la CTA de los Trabajadores, de la CTA Aut\u00f3noma, adem\u00e1s de los que est\u00e1n alineados con partidos de izquierda, sectores que tras reclamar durante bastante tiempo a la CGT que convoque a un paro general, adhirieron a la huelga.<\/p>\n<p>&nbsp;<\/p>\n<p>Si bien la idea de la CGT fue la de un paro sin movilizaci\u00f3n con las t\u00edpicas im\u00e1genes del centro de la Ciudad de Buenos Aires con sus calles vac\u00edas, las agrupaciones trotskistas desafiaron esa postura ya que realizar\u00e1n durante la jornada de la huelga movilizaciones con actos en el Obelisco.<\/p>\n<p>&nbsp;<\/p>\n<p>Tambi\u00e9n har\u00e1n cortes de calles en Panamericana y 197, en el Puente Pueyrred\u00f3n, en el Acceso Oeste frente al Hospital Posadas y en la General Paz frente al INTI, entre otros lugares, A ra\u00edz de la huelga, no habr\u00e1 servicio de colectivos, trenes, subtes, taxis, ni vuelos, mientras que tambi\u00e9n estar\u00e1 afectada la atenci\u00f3n en bancos y en dependencias p\u00fablicas, tampoco habr\u00e1 clases en las escuelas y se da por descontado que muchos comercios y f\u00e1bricas no abrir\u00e1n sus persianas.<\/p>\n","protected":false},"excerpt":{"rendered":"<p>La tercera huelga de la era Macri empez\u00f3 a las o horas de este domingo. No hay transporte y no funcionan la mayor\u00eda de las actividades y servicios del pa\u00eds. Adhieren las dos CTA y distintas fuerzas pol\u00edticas &nbsp; &nbsp; &nbsp; &nbsp; La CGT comenz\u00f3 a las 12 de la noche lunes su tercer paro nacional en la gesti\u00f3n de Mauricio Macri en rechazo a las pol\u00edticas del Gobierno, con lo cual no funcionar\u00e1n la mayor\u00eda de las actividades y servicios del pa\u00eds, incluyendo escuelas, dependencias p\u00fablicas, transporte y comercios&#8230;.<\/p>\n","protected":false},"author":3,"featured_media":29065,"comment_status":"closed","ping_status":"closed","sticky":false,"template":"","format":"standard","meta":[],"categories":[9,18],"tags":[],"_links":{"self":[{"href":"https:\/\/www.actualidadadiario.com\/index.php\/wp-json\/wp\/v2\/posts\/29064"}],"collection":[{"href":"https:\/\/www.actualidadadiario.com\/index.php\/wp-json\/wp\/v2\/posts"}],"about":[{"href":"https:\/\/www.actualidadadiario.com\/index.php\/wp-json\/wp\/v2\/types\/post"}],"author":[{"embeddable":true,"href":"https:\/\/www.actualidadadiario.com\/index.php\/wp-json\/wp\/v2\/users\/3"}],"replies":[{"embeddable":true,"href":"https:\/\/www.actualidadadiario.com\/index.php\/wp-json\/wp\/v2\/comments?post=29064"}],"version-history":[{"count":1,"href":"https:\/\/www.actualidadadiario.com\/index.php\/wp-json\/wp\/v2\/posts\/29064\/revisions"}],"predecessor-version":[{"id":29066,"href":"https:\/\/www.actualidadadiario.com\/index.php\/wp-json\/wp\/v2\/posts\/29064\/revisions\/29066"}],"wp:featuredmedia":[{"embeddable":true,"href":"https:\/\/www.actualidadadiario.com\/index.php\/wp-json\/wp\/v2\/media\/29065"}],"wp:attachment":[{"href":"https:\/\/www.actualidadadiario.com\/index.php\/wp-json\/wp\/v2\/media?parent=29064"}],"wp:term":[{"taxonomy":"category","embeddable":true,"href":"https:\/\/www.actualidadadiario.com\/index.php\/wp-json\/wp\/v2\/categories?post=29064"},{"taxonomy":"post_tag","embeddable":true,"href":"https:\/\/www.actualidadadiario.com\/index.php\/wp-json\/wp\/v2\/tags?post=29064"}],"curies":[{"name":"wp","href":"https:\/\/api.w.org\/{rel}","templated":true}]}}