{"id":2906,"date":"2016-10-19T09:31:06","date_gmt":"2016-10-19T12:31:06","guid":{"rendered":"http:\/\/actualidadadiario.com\/site\/?p=2906"},"modified":"2016-10-19T09:31:06","modified_gmt":"2016-10-19T12:31:06","slug":"se-presento-el-plan-foresto-industrial-entrerriano","status":"publish","type":"post","link":"https:\/\/www.actualidadadiario.com\/index.php\/2016\/10\/19\/se-presento-el-plan-foresto-industrial-entrerriano\/","title":{"rendered":"Se present\u00f3 el Plan Foresto Industrial Entrerriano"},"content":{"rendered":"<p><em><strong>El ministro de Producci\u00f3n, Carlos Schepens, junto a funcionarios de esa cartera, present\u00f3 en el \u00e1mbito de la legislatura provincial los lineamientos del programa que tiene como objetivos promover la cadena forestal de la provincia, con el horizonte puesto en la generaci\u00f3n de trabajo genuino, a partir del agregado de valor industrial, y en la defensa del medioambiente y los recursos naturales de Entre R\u00edos<\/strong><\/em><\/p>\n<p>&nbsp;<\/p>\n<p>&nbsp;<\/p>\n<p>&nbsp;<\/p>\n<p>&nbsp;<\/p>\n<p>&nbsp;<\/p>\n<p>El encuentro, del que participaron diputados y senadores de los diferentes bloques con representaci\u00f3n en la Legislatura, es producto de la iniciativa del gobernador Gustavo Bordet que propone modificaciones a la conocida Ley de la Madera que regula la actividad y que fue sancionada en 2008, y que contiene aspectos prohibitivos que han afectado el comercio exterior.<br \/>\nEl primer mandatario viene sosteniendo que &#8220;se debe promover la exportaci\u00f3n de nuestra producci\u00f3n porque es lo que generan divisas y m\u00e1s empleo&#8221;. Dijo adem\u00e1s que \u201cel &#8220;sector foresto industrial pierde competitividad ante sus pares de otras provincias\u201d y asegur\u00f3 que \u201ca estas cuestiones hay que corregirlas&#8221;.<\/p>\n<p>&nbsp;<\/p>\n<p>&nbsp;<\/p>\n<p><strong>Presentaci\u00f3n\u00a0<\/strong><br \/>\nEl ministro Schepens inform\u00f3 a los senadores y diputados que la modificaci\u00f3n a la ley conlleva integrado un plan que \u201cdevuelva la competitividad a la provincia en materia forestal, promoviendo un aumento de la superficie implantada, mejorando el manejo en el segmento de la producci\u00f3n primaria y apuntando a un desarrollo industrial que aproveche todas las oportunidades y capacidad instalada en la provincia\u201d.<\/p>\n<p>&nbsp;<br \/>\nEl ministro tambi\u00e9n hizo referencia a las posibilidades que se abrir\u00edan, si se proyectan las soluciones habitacionales que ya est\u00e1n contempladas en la Ley 10.279, que establece un piso del 10% en las viviendas de inter\u00e9s social, que son construidas por el Instituto Aut\u00e1rquico de Planeamiento y Vivienda (IAPV).<\/p>\n<p>&nbsp;<br \/>\n\u201cLa actual ley dej\u00f3 a la producci\u00f3n forestal entrerriana en desventaja respecto de Corrientes, Misiones o Buenos Aires, en un tiempo donde todos debemos mejorar la competitividad y fortalecer a todas las cadenas de valor\u201d, se\u00f1al\u00f3 Schepens.<\/p>\n<p>&nbsp;<\/p>\n<p>&nbsp;<br \/>\n<strong><br \/>\nForestaci\u00f3n<\/strong><br \/>\nDurante la reuni\u00f3n, el secretario de Producci\u00f3n Primaria, Mart\u00edn Barbieri, tambi\u00e9n inform\u00f3 sobre los bosques implantados en la provincia de Entre R\u00edos y la potencialidad que se presenta para la implantaci\u00f3n, \u201cya que hay m\u00e1s de 300 mil hect\u00e1reas de suelos con aptitud forestal, que se podr\u00edan sumarse a las 140 mil actualmente forestadas\u201d, afirm\u00f3 el funcionario.<\/p>\n<p>&nbsp;<br \/>\nBarbieri tambi\u00e9n record\u00f3 que la actividad forestal no compite con otras producciones. \u201cPor el contrario\u201d afirm\u00f3 el funcionario, \u201cse complementa con la ganader\u00eda o la apicultura y en la actualidad son m\u00e1s de 1.500 los productores registrados en la provincia\u201d.<\/p>\n<p>&nbsp;<br \/>\nPor su parte el subsecretario de Industria, Mario Acu\u00f1a, coment\u00f3 a los legisladores que la provincia cuenta con un alto porcentaje de manufactura de la producci\u00f3n primaria. \u201cEn los \u00faltimos a\u00f1os se ha incrementado la elaboraci\u00f3n de segunda transformaci\u00f3n (tableros), quedando pendiente de desarrollo la tercera transformaci\u00f3n de la madera\u201d, dijo.<\/p>\n<p>&nbsp;<br \/>\nEn la nueva iniciativa legislativa que promueve el Ejecutivo provincial queda expresa de manera taxativa la continuidad de la pol\u00edtica ambiental que se ha venido llevando adelante, fundamentalmente en lo que tiene que ver con los monitoreos del r\u00edo Uruguay.<\/p>\n","protected":false},"excerpt":{"rendered":"<p>El ministro de Producci\u00f3n, Carlos Schepens, junto a funcionarios de esa cartera, present\u00f3 en el \u00e1mbito de la legislatura provincial los lineamientos del programa que tiene como objetivos promover la cadena forestal de la provincia, con el horizonte puesto en la generaci\u00f3n de trabajo genuino, a partir del agregado de valor industrial, y en la defensa del medioambiente y los recursos naturales de Entre R\u00edos &nbsp; &nbsp; &nbsp; &nbsp; &nbsp; El encuentro, del que participaron diputados y senadores de los diferentes bloques con representaci\u00f3n en la Legislatura, es producto de&#8230;<\/p>\n","protected":false},"author":3,"featured_media":2907,"comment_status":"closed","ping_status":"closed","sticky":false,"template":"","format":"standard","meta":[],"categories":[9],"tags":[],"_links":{"self":[{"href":"https:\/\/www.actualidadadiario.com\/index.php\/wp-json\/wp\/v2\/posts\/2906"}],"collection":[{"href":"https:\/\/www.actualidadadiario.com\/index.php\/wp-json\/wp\/v2\/posts"}],"about":[{"href":"https:\/\/www.actualidadadiario.com\/index.php\/wp-json\/wp\/v2\/types\/post"}],"author":[{"embeddable":true,"href":"https:\/\/www.actualidadadiario.com\/index.php\/wp-json\/wp\/v2\/users\/3"}],"replies":[{"embeddable":true,"href":"https:\/\/www.actualidadadiario.com\/index.php\/wp-json\/wp\/v2\/comments?post=2906"}],"version-history":[{"count":1,"href":"https:\/\/www.actualidadadiario.com\/index.php\/wp-json\/wp\/v2\/posts\/2906\/revisions"}],"predecessor-version":[{"id":2908,"href":"https:\/\/www.actualidadadiario.com\/index.php\/wp-json\/wp\/v2\/posts\/2906\/revisions\/2908"}],"wp:featuredmedia":[{"embeddable":true,"href":"https:\/\/www.actualidadadiario.com\/index.php\/wp-json\/wp\/v2\/media\/2907"}],"wp:attachment":[{"href":"https:\/\/www.actualidadadiario.com\/index.php\/wp-json\/wp\/v2\/media?parent=2906"}],"wp:term":[{"taxonomy":"category","embeddable":true,"href":"https:\/\/www.actualidadadiario.com\/index.php\/wp-json\/wp\/v2\/categories?post=2906"},{"taxonomy":"post_tag","embeddable":true,"href":"https:\/\/www.actualidadadiario.com\/index.php\/wp-json\/wp\/v2\/tags?post=2906"}],"curies":[{"name":"wp","href":"https:\/\/api.w.org\/{rel}","templated":true}]}}