{"id":29058,"date":"2018-06-25T10:22:18","date_gmt":"2018-06-25T13:22:18","guid":{"rendered":"https:\/\/www.actualidadadiario.com\/?p=29058"},"modified":"2018-11-06T19:43:15","modified_gmt":"2018-11-06T22:43:15","slug":"moyano-con-cristina-comia-todo-el-mundo-y-ahora-hay-gente-que-no-come","status":"publish","type":"post","link":"https:\/\/www.actualidadadiario.com\/index.php\/2018\/06\/25\/moyano-con-cristina-comia-todo-el-mundo-y-ahora-hay-gente-que-no-come\/","title":{"rendered":"Moyano: &#8220;Con Cristina com\u00eda todo el mundo y ahora hay gente que no come&#8221;"},"content":{"rendered":"<p><em><strong>El l\u00edder del sindicato de camioneros fue muy duro con el gobierno a horas del paro general: &#8220;La gente no pasaba antes las necesidades que pasa ahora&#8221;<\/strong><\/em><\/p>\n<p>&nbsp;<\/p>\n<p>&nbsp;<\/p>\n<p>&nbsp;<\/p>\n<p>&nbsp;<\/p>\n<p>Las relaciones entre Macri y su antiguo aliado Hugo Moyano est\u00e1n cada vez peor. A poco de comenzar al paro convocado por la CGT, el dirigente camionero lanz\u00f3 nuevos dardos contra el oficialismo.<\/p>\n<p>&nbsp;<\/p>\n<p>En su paso por el programa Debo decir, que conduce el periodista Luis Novaresio, Moyano se\u00f1alo: &#8220;La gente no pasaba antes las necesidades que pasa ahora. Con Cristina com\u00eda todo el mundo y ahora hay gente que no come&#8221;.<\/p>\n<p>&nbsp;<\/p>\n<p>Consultado sobre su postura durante los gobiernos de Carlos Menem y Cristina Kirchner, Moyano dijo que con el primero &#8220;tuvimos que salir a la calle porque la situaci\u00f3n era insostenible&#8221;, mientras que &#8220;con Cristina hubo un desencuentro&#8221;.<\/p>\n<p>&nbsp;<\/p>\n<p>Moyano, cuyo sindicato acord\u00f3 la semana pasada un incremento salarial de 25%, sostuvo que no sabe &#8220;si Cristina rob\u00f3, que lo decida la justicia&#8221;, y agreg\u00f3 que &#8220;a todos los presidentes que le dan de comer a la gente los tildan, como a Lula, y a los dirigentes sindicales nos denuncian&#8221;.<\/p>\n<p>&nbsp;<\/p>\n<p>En cuanto a la medida de fuerza que se cumple desde la medianoche, el presidente de Independiente asegur\u00f3 que &#8220;no afecta la democracia&#8221; y reclam\u00f3 que el presidente Macri &#8220;escuche a la gente&#8221;.<\/p>\n","protected":false},"excerpt":{"rendered":"<p>El l\u00edder del sindicato de camioneros fue muy duro con el gobierno a horas del paro general: &#8220;La gente no pasaba antes las necesidades que pasa ahora&#8221; &nbsp; &nbsp; &nbsp; &nbsp; Las relaciones entre Macri y su antiguo aliado Hugo Moyano est\u00e1n cada vez peor. A poco de comenzar al paro convocado por la CGT, el dirigente camionero lanz\u00f3 nuevos dardos contra el oficialismo. &nbsp; En su paso por el programa Debo decir, que conduce el periodista Luis Novaresio, Moyano se\u00f1alo: &#8220;La gente no pasaba antes las necesidades que pasa&#8230;<\/p>\n","protected":false},"author":3,"featured_media":29059,"comment_status":"closed","ping_status":"closed","sticky":false,"template":"","format":"standard","meta":[],"categories":[18],"tags":[],"_links":{"self":[{"href":"https:\/\/www.actualidadadiario.com\/index.php\/wp-json\/wp\/v2\/posts\/29058"}],"collection":[{"href":"https:\/\/www.actualidadadiario.com\/index.php\/wp-json\/wp\/v2\/posts"}],"about":[{"href":"https:\/\/www.actualidadadiario.com\/index.php\/wp-json\/wp\/v2\/types\/post"}],"author":[{"embeddable":true,"href":"https:\/\/www.actualidadadiario.com\/index.php\/wp-json\/wp\/v2\/users\/3"}],"replies":[{"embeddable":true,"href":"https:\/\/www.actualidadadiario.com\/index.php\/wp-json\/wp\/v2\/comments?post=29058"}],"version-history":[{"count":1,"href":"https:\/\/www.actualidadadiario.com\/index.php\/wp-json\/wp\/v2\/posts\/29058\/revisions"}],"predecessor-version":[{"id":29060,"href":"https:\/\/www.actualidadadiario.com\/index.php\/wp-json\/wp\/v2\/posts\/29058\/revisions\/29060"}],"wp:featuredmedia":[{"embeddable":true,"href":"https:\/\/www.actualidadadiario.com\/index.php\/wp-json\/wp\/v2\/media\/29059"}],"wp:attachment":[{"href":"https:\/\/www.actualidadadiario.com\/index.php\/wp-json\/wp\/v2\/media?parent=29058"}],"wp:term":[{"taxonomy":"category","embeddable":true,"href":"https:\/\/www.actualidadadiario.com\/index.php\/wp-json\/wp\/v2\/categories?post=29058"},{"taxonomy":"post_tag","embeddable":true,"href":"https:\/\/www.actualidadadiario.com\/index.php\/wp-json\/wp\/v2\/tags?post=29058"}],"curies":[{"name":"wp","href":"https:\/\/api.w.org\/{rel}","templated":true}]}}