{"id":29055,"date":"2018-06-25T10:21:34","date_gmt":"2018-06-25T13:21:34","guid":{"rendered":"https:\/\/www.actualidadadiario.com\/?p=29055"},"modified":"2018-11-06T19:43:15","modified_gmt":"2018-11-06T22:43:15","slug":"el-aborto-profundiza-la-grieta-de-cambiemos-en-el-senado","status":"publish","type":"post","link":"https:\/\/www.actualidadadiario.com\/index.php\/2018\/06\/25\/el-aborto-profundiza-la-grieta-de-cambiemos-en-el-senado\/","title":{"rendered":"El aborto profundiza la grieta de Cambiemos en el Senado"},"content":{"rendered":"<p><em><strong>A diferencia de lo que ocurri\u00f3 en Diputados, donde la temperatura del debate fue subiendo de manera paulatina hasta llegar a la electrizante votaci\u00f3n en el recinto, la discusi\u00f3n de la legalizaci\u00f3n del aborto tens\u00f3 las relaciones incluso desde antes que el proyecto ingresara al Senado<\/strong><\/em><\/p>\n<p>&nbsp;<\/p>\n<p>&nbsp;<\/p>\n<p>&nbsp;<\/p>\n<p>&nbsp;<\/p>\n<p>Cuando la iniciativa aprobada en la C\u00e1mara baja todav\u00eda no empez\u00f3 a tratarse en comisiones, el aborto ya divide posiciones de manera transversal al interior de todos los bloques, con cruces verbales p\u00fablicos y reuniones privadas de grupos pro y antiaborto para planificar estrategias en pos de alcanzar sus respectivos objetivos.<\/p>\n<p>&nbsp;<\/p>\n<p>Es en el oficialismo donde la grieta parece m\u00e1s visible, en particular por la oposici\u00f3n militante a la legalizaci\u00f3n del aborto protagonizada por reconocidos referentes de Cambiemos, como la vicepresidenta Gabriela Michetti.<\/p>\n<p>&nbsp;<\/p>\n<p>Con voto solo en caso de empate, porque no es senadora, Michetti realiz\u00f3 su aporte a la causa de los que defienden &#8220;las dos vidas&#8221; al girar el proyecto a cuatro comisiones (Salud, Justicia y Asuntos Penales, Asuntos Constitucionales y Presupuesto y Hacienda), contrariando el deseo de los grupos pro aborto, que pretenden aprovechar el envi\u00f3n de la hist\u00f3rica votaci\u00f3n de Diputados y apurar su tratamiento en la C\u00e1mara alta.<\/p>\n<p>&nbsp;<\/p>\n<p>&#8220;Este giro obedece a una posici\u00f3n personal de la vicepresidenta con la finalidad de prolongar el debate indefinidamente&#8221;, denunci\u00f3 el jefe del Bloque Justicialista, Miguel Pichetto (R\u00edo Negro), que se convirti\u00f3 en uno de los principales impulsores del proyecto de interrupci\u00f3n voluntaria del embarazo y que le hab\u00eda pedido a Michetti que la discusi\u00f3n se redujera a solo dos comisiones (Justicia y Asuntos Penales y Salud).<\/p>\n<p>&nbsp;<\/p>\n<p>Desde la otra vereda le salieron al cruce al senador peronista. &#8220;Pichetto debe entender que no es el due\u00f1o del Senado&#8221;, replic\u00f3 la radical Silvia El\u00edas de P\u00e9rez (Tucum\u00e1n) que, junto a Michetti y la fueguina Miriam Boyadjian (Cambiemos-Mopof), integra el grupo antiabortista m\u00e1s activo. &#8220;La presidenta del Senado ha tomado una decisi\u00f3n razonable ante un tema de tama\u00f1a envergadura, no es posible pretender tratar la legalizaci\u00f3n del aborto de manera expr\u00e9s&#8221;, agreg\u00f3 la tucumana.<\/p>\n<p>&nbsp;<\/p>\n<p>Las quejas al apuro de Pichetto y a los sectores a favor de la legalizaci\u00f3n no llegaron solo desde Cambiemos. El vicepresidente de la principal bancada peronista del Senado, Jos\u00e9 Mayans (Formosa), hizo p\u00fablica su disidencia con el rionegrino. &#8220;Por m\u00e1s que haya 70 votos a favor es un tema muy profundo y hay que dar una discusi\u00f3n profunda&#8221;, sentenci\u00f3. &#8220;Hay que preservar la vida del ni\u00f1o por nacer&#8221;, agreg\u00f3 el formose\u00f1o, ferviente practicante cat\u00f3lico.<\/p>\n<p>&nbsp;<\/p>\n<p>&nbsp;<\/p>\n<p><strong>Crujidos oficialistas<\/strong><\/p>\n<p>Mayans tambi\u00e9n le estaba respondiendo a su compa\u00f1ero de bloque y presidente de la Comisi\u00f3n de Justicia, Pedro Guastavino (Entre R\u00edos), quien vaticin\u00f3 la sanci\u00f3n del proyecto y se hab\u00eda manifestado a favor de acotar el n\u00famero de expositores en el Senado ya que, en el debate en la C\u00e1mara baja, se hab\u00edan escuchado m\u00e1s de 700 voces.<\/p>\n<p>&nbsp;<\/p>\n<p>La tensi\u00f3n en el oficialismo tambi\u00e9n qued\u00f3 al descubierto pocas horas despu\u00e9s de la hist\u00f3rica votaci\u00f3n de la ma\u00f1ana del jueves 14 de junio en el recinto de Diputados.<\/p>\n<p>&nbsp;<\/p>\n<p>Una de las primeras voces en apoyar la legalizaci\u00f3n del aborto fue el presidente del interbloque Cambiemos del Senado, Luis Naidenoff (UCR-Formosa), quien mostr\u00f3 su respaldo al afirmar que &#8220;hay una realidad que un Estado debe abordar y es que no estamos ante un debate sobre fe sino de salud p\u00fablica&#8221;.<\/p>\n<p>&nbsp;<\/p>\n<p>&#8220;Para m\u00ed, el debate no es sobre fe ni salud p\u00fablica, es sobre la vida&#8221;, le respondi\u00f3 su compa\u00f1era de interbloque Marta Varela (Pro-Capital).<\/p>\n<p>&nbsp;<\/p>\n<p>La tragedia familiar que golpe\u00f3 a Naidenoff en el inicio de la semana pasada puso en pausa el debate interno en el oficialismo, sobre todo de parte de los sectores que est\u00e1n a favor de la legalizaci\u00f3n.<\/p>\n<p>&nbsp;<\/p>\n<p>No obstante, el tema genera tantas rispideces internas en el oficialismo que muchos de sus referentes no intentan esconder la grieta que divide a Cambiemos.<\/p>\n<p>&nbsp;<\/p>\n<p>Un ejemplo fue lo que ocurri\u00f3, cuando el presidente provisional del Senado, Federico Pinedo, no ocult\u00f3 su irritaci\u00f3n con la militancia a favor del aborto de la diputada Silvia Lospenato y la cruz\u00f3 en Twitter.<\/p>\n<p>&nbsp;<\/p>\n<p>&#8220;Bajando un cambio&#8221; fue la dura r\u00e9plica que eligi\u00f3 Pinedo para responder a un tuit de Lospenato que citaba una nota de la jueza A\u00edda Kemelmajer que, seg\u00fan la legisladora, respond\u00eda &#8220;los argumentos falaces contra la legalizaci\u00f3n del aborto&#8221;.<\/p>\n<p>&nbsp;<\/p>\n<p>Otro frente de preocupaci\u00f3n para el oficialismo es la actitud militante de Michetti que genera ruido en algunas oficinas del Gobierno, en las que eval\u00faan que la abierta intervenci\u00f3n de la vicepresidenta atenta contra la supuesta prescindencia de Mauricio Macri. En los sectores antiabortistas de Cambiemos se defienden recordando que la vicepresidenta viene defendiendo la causa desde la discusi\u00f3n en Diputados y que el Gobierno no fue neutral sino que jug\u00f3 varias cartas a favor de la aprobaci\u00f3n del proyecto en la C\u00e1mara baja en la noche del 13 al 14 de junio.<\/p>\n","protected":false},"excerpt":{"rendered":"<p>A diferencia de lo que ocurri\u00f3 en Diputados, donde la temperatura del debate fue subiendo de manera paulatina hasta llegar a la electrizante votaci\u00f3n en el recinto, la discusi\u00f3n de la legalizaci\u00f3n del aborto tens\u00f3 las relaciones incluso desde antes que el proyecto ingresara al Senado &nbsp; &nbsp; &nbsp; &nbsp; Cuando la iniciativa aprobada en la C\u00e1mara baja todav\u00eda no empez\u00f3 a tratarse en comisiones, el aborto ya divide posiciones de manera transversal al interior de todos los bloques, con cruces verbales p\u00fablicos y reuniones privadas de grupos pro y&#8230;<\/p>\n","protected":false},"author":3,"featured_media":29056,"comment_status":"closed","ping_status":"closed","sticky":false,"template":"","format":"standard","meta":[],"categories":[18],"tags":[],"_links":{"self":[{"href":"https:\/\/www.actualidadadiario.com\/index.php\/wp-json\/wp\/v2\/posts\/29055"}],"collection":[{"href":"https:\/\/www.actualidadadiario.com\/index.php\/wp-json\/wp\/v2\/posts"}],"about":[{"href":"https:\/\/www.actualidadadiario.com\/index.php\/wp-json\/wp\/v2\/types\/post"}],"author":[{"embeddable":true,"href":"https:\/\/www.actualidadadiario.com\/index.php\/wp-json\/wp\/v2\/users\/3"}],"replies":[{"embeddable":true,"href":"https:\/\/www.actualidadadiario.com\/index.php\/wp-json\/wp\/v2\/comments?post=29055"}],"version-history":[{"count":1,"href":"https:\/\/www.actualidadadiario.com\/index.php\/wp-json\/wp\/v2\/posts\/29055\/revisions"}],"predecessor-version":[{"id":29057,"href":"https:\/\/www.actualidadadiario.com\/index.php\/wp-json\/wp\/v2\/posts\/29055\/revisions\/29057"}],"wp:featuredmedia":[{"embeddable":true,"href":"https:\/\/www.actualidadadiario.com\/index.php\/wp-json\/wp\/v2\/media\/29056"}],"wp:attachment":[{"href":"https:\/\/www.actualidadadiario.com\/index.php\/wp-json\/wp\/v2\/media?parent=29055"}],"wp:term":[{"taxonomy":"category","embeddable":true,"href":"https:\/\/www.actualidadadiario.com\/index.php\/wp-json\/wp\/v2\/categories?post=29055"},{"taxonomy":"post_tag","embeddable":true,"href":"https:\/\/www.actualidadadiario.com\/index.php\/wp-json\/wp\/v2\/tags?post=29055"}],"curies":[{"name":"wp","href":"https:\/\/api.w.org\/{rel}","templated":true}]}}