{"id":29052,"date":"2018-06-25T10:20:52","date_gmt":"2018-06-25T13:20:52","guid":{"rendered":"https:\/\/www.actualidadadiario.com\/?p=29052"},"modified":"2018-11-06T19:43:15","modified_gmt":"2018-11-06T22:43:15","slug":"la-iglesia-catolica-le-exige-a-macri-que-el-ajuste-no-lo-paguen-los-pobres","status":"publish","type":"post","link":"https:\/\/www.actualidadadiario.com\/index.php\/2018\/06\/25\/la-iglesia-catolica-le-exige-a-macri-que-el-ajuste-no-lo-paguen-los-pobres\/","title":{"rendered":"La Iglesia cat\u00f3lica le exige a Macri que el ajuste no lo paguen los pobres"},"content":{"rendered":"<p><em><strong>Fue en el marco de la Comisi\u00f3n Episcopal de Pastoral Social, en Mar del Plata. Los obispos reclamaron &#8220;consolidar la democracia&#8221;<\/strong><\/em><\/p>\n<p>&nbsp;<\/p>\n<p>&nbsp;<\/p>\n<p>&nbsp;<\/p>\n<p>&nbsp;<\/p>\n<p>La Iglesia cat\u00f3lica argentina le pidi\u00f3 este domingo al presidente Mauricio Macri que las pol\u00edticas de ajuste que anunci\u00f3 &#8220;no se practiquen sobre los pobres\u201d y advirti\u00f3 sobre la \u201cexclusi\u00f3n y marginalidad creciente de millones de argentinos\u201d a ra\u00edz de la crisis econ\u00f3mica. Los l\u00edderes del catolicismo exhortaron al Gobierno nacional a \u201cconsolidar la democracia\u201d para \u201csaldar la deuda con los descartados&#8221;, en un documento de la Comisi\u00f3n Episcopal de Pastoral Social (Cepas), que celebr\u00f3 la \u201cSemana Social\u201d en Mar del Plata.<\/p>\n<p>&nbsp;<\/p>\n<p>En el documento, le\u00eddo por monse\u00f1or Oscar Frassia, obispo de Avellaneda y miembro de la Cepas, los religiosos recordaron la responsabilidad que tienen las instituciones democr\u00e1ticas en \u201cla promoci\u00f3n de pol\u00edticas de inclusi\u00f3n, empleo y protecci\u00f3n\u201d. Los obispos se refirieron a los anuncios del Gobierno argentino de reducir el d\u00e9ficit fiscal del Estado a trav\u00e9s del recorte de gastos, una exigencia a la que se comprometi\u00f3 a principios de junio, cuando acord\u00f3 un cr\u00e9dito \u201cstand by\u201d de 50.000 millones de d\u00f3lares con FMI.<\/p>\n<p>&nbsp;<\/p>\n<p><em>\u201cLa pobreza debe estar en el centro de las preocupaciones de la democracia, se enfatiz\u00f3 durante las deliberaciones, donde tambi\u00e9n se pidi\u00f3 que las pol\u00edticas de ajuste no se practiquen sobre los pobres\u201d,<\/em> sostiene el texto difundido por la agencia de noticias de la Iglesia, Aica.<\/p>\n<p>&nbsp;<\/p>\n<p>Durante la \u201cSemana Social\u201d, que finaliz\u00f3 hoy, obispos, pol\u00edticos, sindicalistas, empresarios y referentes de los movimientos sociales coincidieron en la necesidad de \u201cuna m\u00e1s equitativa distribuci\u00f3n de la riqueza\u201d y de la aplicaci\u00f3n de \u201cnuevas normas \u00e9ticas sobre el sistema financiero\u201d. <em>&#8220;Como argentinos y comprometi\u00e9ndonos cada uno desde nuestro lugar, estamos llamados a consolidar la democracia como \u00fanico camino para saldar la deuda con los pobres y descartados de nuestra patria&#8221;<\/em>, concluyeron los obispos.<\/p>\n<p>&nbsp;<\/p>\n<p>&nbsp;<\/p>\n<p><strong>Texto completo del mensaje<\/strong><\/p>\n<p><em>Estos d\u00edas de encuentro y reflexi\u00f3n pusieron como centro de preocupaci\u00f3n y debate la deuda social de la democracia con los pobres. En los paneles desarrollados durante la jornada se resalt\u00f3 la urgencia de encontrar caminos de reparaci\u00f3n para la exclusi\u00f3n y la marginalidad creciente de millones de argentinos, as\u00ed como la responsabilidad de las instituciones democr\u00e1ticas en la promoci\u00f3n de pol\u00edticas de inclusi\u00f3n, empleo y protecci\u00f3n. <\/em><\/p>\n<p><em>\u00a0<\/em><\/p>\n<p><em>La pobreza debe estar en el centro de las preocupaciones de la democracia, se enfatiz\u00f3 durante las deliberaciones, donde tambi\u00e9n se pidi\u00f3 que las pol\u00edticas de ajuste no se practiquen sobre los pobres. <\/em><\/p>\n<p><em>\u00a0<\/em><\/p>\n<p><em>Con el eje en una m\u00e1s equitativa distribuci\u00f3n de la riqueza, se record\u00f3 reiteradamente la necesidad de la aplicaci\u00f3n de nuevas normas \u00e9ticas sobre el sistema financiero, a la luz del reciente documento &#8220;Oeconomicae et pecuniariae quaestiones\u201d (Las Cuestiones Econ\u00f3micas y Financieras). <\/em><\/p>\n<p><em>\u00a0<\/em><\/p>\n<p><em>A lo largo de los tres d\u00edas, en el marco de un encuentro fraterno, participaron representantes del \u00e1mbito institucional, pol\u00edtico de distintos espacios partidarios, sindical, entidades empresarias, movimientos populares, delegados de diversas pastorales nacionales, equipos diocesanos y dirigentes de las organizaciones de la sociedad civil. Asimismo, durante el primer d\u00eda, se realiz\u00f3 el encuentro de j\u00f3venes del Programa Nuevos Dirigentes. <\/em><\/p>\n<p><em>\u00a0<\/em><\/p>\n<p><em>Se compartieron ideas y opiniones sobre varias cuestiones vinculadas al cuidado de los derechos humanos que dan contenido a la democracia, con sus valores de justicia, verdad e igualdad de oportunidades. <\/em><\/p>\n<p><em>\u00a0<\/em><\/p>\n<p><em>Tambi\u00e9n al clamor de los pobres por la tierra y su h\u00e1bitat como uno de los pilares que nos ense\u00f1a el Papa Francisco con su llamado a promover el Trabajo, la Tierra y el Techo para todos, en el marco de su convocatoria -para octubre del 2019- al S\u00ednodo sobre Amazonia: Nuevos Caminos para la Iglesia y para una Econom\u00eda Integral. <\/em><\/p>\n<p><em>\u00a0<\/em><\/p>\n<p><em>Tambi\u00e9n se denunciaron las pol\u00edticas que estimulan la explotaci\u00f3n indiscriminada de la naturaleza, causando da\u00f1os irreparables a la \u201ccasa com\u00fan\u201d bajo el predominio de un sistema tecnoecon\u00f3mico regido por el lucro y despojado de toda responsabilidad social. <\/em><\/p>\n<p><em>\u00a0<\/em><\/p>\n<p><em>Con la mirada agradecida por los 35 a\u00f1os en Democracia, pero con la preocupaci\u00f3n por las asignaturas pendientes, los paneles tambi\u00e9n se interrogaron sobre la deuda que la pol\u00edtica tiene con los pobres, en especial con los menores sometidos a los flagelos del desamparo, del trabajo infantil, la explotaci\u00f3n y la trata de personas. <\/em><\/p>\n<p><em>\u00a0<\/em><\/p>\n<p><em>El Papa Francisco nos convoca permanentemente a buscar caminos para la promoci\u00f3n social y a rechazar modelos que anteponen el inter\u00e9s econ\u00f3mico o sectorial, con sus pol\u00edticas que colocan la dignidad humana en la periferia de las preocupaciones. En su mensaje para la Segunda Jornada Mundial de los Pobres (Vaticano 13\/06\/18) nos recuerda que \u201cEl Se\u00f1or escucha a los pobres que claman a \u00c9l. Escucha a aquellos que son perseguidos en nombre de una falsa justicia, oprimidos por pol\u00edticas indignas de este nombre y atemorizados por la violencia; y aun as\u00ed saben que en Dios tienen a su Salvador\u201d. <\/em><\/p>\n<p><em>\u00a0<\/em><\/p>\n<p><em>Como argentinos y comprometi\u00e9ndonos cada uno desde nuestro lugar, estamos llamados a consolidar la Democracia como \u00fanico camino para saldar su deuda con los pobres y descartados de nuestra patria.<\/em><\/p>\n","protected":false},"excerpt":{"rendered":"<p>Fue en el marco de la Comisi\u00f3n Episcopal de Pastoral Social, en Mar del Plata. Los obispos reclamaron &#8220;consolidar la democracia&#8221; &nbsp; &nbsp; &nbsp; &nbsp; La Iglesia cat\u00f3lica argentina le pidi\u00f3 este domingo al presidente Mauricio Macri que las pol\u00edticas de ajuste que anunci\u00f3 &#8220;no se practiquen sobre los pobres\u201d y advirti\u00f3 sobre la \u201cexclusi\u00f3n y marginalidad creciente de millones de argentinos\u201d a ra\u00edz de la crisis econ\u00f3mica. Los l\u00edderes del catolicismo exhortaron al Gobierno nacional a \u201cconsolidar la democracia\u201d para \u201csaldar la deuda con los descartados&#8221;, en un documento&#8230;<\/p>\n","protected":false},"author":3,"featured_media":29053,"comment_status":"closed","ping_status":"closed","sticky":false,"template":"","format":"standard","meta":[],"categories":[9,18],"tags":[],"_links":{"self":[{"href":"https:\/\/www.actualidadadiario.com\/index.php\/wp-json\/wp\/v2\/posts\/29052"}],"collection":[{"href":"https:\/\/www.actualidadadiario.com\/index.php\/wp-json\/wp\/v2\/posts"}],"about":[{"href":"https:\/\/www.actualidadadiario.com\/index.php\/wp-json\/wp\/v2\/types\/post"}],"author":[{"embeddable":true,"href":"https:\/\/www.actualidadadiario.com\/index.php\/wp-json\/wp\/v2\/users\/3"}],"replies":[{"embeddable":true,"href":"https:\/\/www.actualidadadiario.com\/index.php\/wp-json\/wp\/v2\/comments?post=29052"}],"version-history":[{"count":1,"href":"https:\/\/www.actualidadadiario.com\/index.php\/wp-json\/wp\/v2\/posts\/29052\/revisions"}],"predecessor-version":[{"id":29054,"href":"https:\/\/www.actualidadadiario.com\/index.php\/wp-json\/wp\/v2\/posts\/29052\/revisions\/29054"}],"wp:featuredmedia":[{"embeddable":true,"href":"https:\/\/www.actualidadadiario.com\/index.php\/wp-json\/wp\/v2\/media\/29053"}],"wp:attachment":[{"href":"https:\/\/www.actualidadadiario.com\/index.php\/wp-json\/wp\/v2\/media?parent=29052"}],"wp:term":[{"taxonomy":"category","embeddable":true,"href":"https:\/\/www.actualidadadiario.com\/index.php\/wp-json\/wp\/v2\/categories?post=29052"},{"taxonomy":"post_tag","embeddable":true,"href":"https:\/\/www.actualidadadiario.com\/index.php\/wp-json\/wp\/v2\/tags?post=29052"}],"curies":[{"name":"wp","href":"https:\/\/api.w.org\/{rel}","templated":true}]}}