{"id":29049,"date":"2018-06-25T10:19:43","date_gmt":"2018-06-25T13:19:43","guid":{"rendered":"https:\/\/www.actualidadadiario.com\/?p=29049"},"modified":"2018-11-06T19:43:15","modified_gmt":"2018-11-06T22:43:15","slug":"crisis-en-la-industria-de-electrodomesticos-caen-ventas-suben-los-insumos-y-peligran-empleos","status":"publish","type":"post","link":"https:\/\/www.actualidadadiario.com\/index.php\/2018\/06\/25\/crisis-en-la-industria-de-electrodomesticos-caen-ventas-suben-los-insumos-y-peligran-empleos\/","title":{"rendered":"Crisis en la industria de electrodom\u00e9sticos: caen ventas, suben los insumos y peligran empleos"},"content":{"rendered":"<p><em><strong>El salto del d\u00f3lar encareci\u00f3 los costos de producci\u00f3n de heladeras, lavarropas y equipos de aire acondicionado. En un contexto en el que se deterior\u00f3 el nivel de ventas y se encareci\u00f3 el financiamiento, las Pymes del sector avanzan con suspensiones y recortes de turnos<\/strong><\/em><\/p>\n<p>&nbsp;<\/p>\n<p>&nbsp;<\/p>\n<p>&nbsp;<\/p>\n<p>Los empresarios del sector l\u00ednea blanca tuvieron una reuni\u00f3n con Francisco Cabrera dos d\u00edas antes de que fuese desplazado del Ministerio de Producci\u00f3n.<\/p>\n<p>&nbsp;<\/p>\n<p>Le plantearon una larga lista de problemas que atraviesa esta rama de actividad. Se fueron del despacho con un apret\u00f3n de manos, algunas promesas pero muchas dudas.<\/p>\n<p>&nbsp;<\/p>\n<p>Sin embargo, la salida de Cabrera y la llegada de Dante Sica supone hacer borr\u00f3n y cuenta nueva, aunque a medias: Sica ya asesor\u00f3 a algunas de las compa\u00f1\u00edas de electro que hoy est\u00e1n afectadas por la coyuntura.<\/p>\n<p>&nbsp;<\/p>\n<p>Ahora, las empresas del sector est\u00e1n pidiendo audiencia para tener el primer mano a mano con el funcionario.<\/p>\n<p>&nbsp;<\/p>\n<p>&#8220;Conocemos su perfil. Pero hay mucho trabajo por hacer y, honestamente, sabemos que no va a poder hacer milagros&#8221;, se resigna un directivo fabril.<\/p>\n<p>&nbsp;<\/p>\n<p>Por lo pronto, un informe de Abeceb, emitido hace pocos meses -cuando todav\u00eda Dante Sica estaba al frente de la consultora- se\u00f1alaba que para este a\u00f1o se abr\u00edan buenas perspectivas de crecimiento para el rubro de los electrodom\u00e9sticos, &#8220;producto de una recuperaci\u00f3n del poder adquisitivo&#8221;.<\/p>\n<p>&nbsp;<\/p>\n<p>Sin embargo, este escenario no se est\u00e1 plasmando en la realidad. De hecho, desde Ecolatina proyectan que el salario real de los empleados registrados caer\u00e1 casi 3% a lo largo de 2018.<\/p>\n<p>&nbsp;<\/p>\n<p>&#8220;Ven\u00edamos acelerando pero se cay\u00f3 todo, como si a un tren que avanza lo frenaran en 100 metros&#8221;. As\u00ed define el actual escenario Carlos Cornejo, presidente de la Federaci\u00f3n de C\u00e1maras Industriales de Artefactos para el Hogar (Fedehogar).<\/p>\n<p>&nbsp;<\/p>\n<p>El sector, que da empleo a unas 21.000 personas en el pa\u00eds, est\u00e1 atravesando un duro momento, producto de un complejo combo de factores que golpea al ritmo de producci\u00f3n, llevando a que la mayor\u00eda de las plantas apelen a un mix de medidas para intentar sostener el empleo.<\/p>\n<p>&nbsp;<\/p>\n<p>En un contexto que conjuga disparada de costos, baj\u00f3n de la demanda e incremento de importaciones (que oper\u00f3 mayormente hasta antes del salto del d\u00f3lar), los fabricantes de heladeras y freezers, lavarropas y equipos a gas, como cocinas, termotanques y calefones, est\u00e1n apelando al recorte de horas extras, adelanto de vacaciones y a la solicitud del Procedimiento Preventivo de Crisis para evitar despidos.<\/p>\n<p>&nbsp;<\/p>\n<p>Las complicaciones llevaron a que el sector de l\u00ednea blanca est\u00e9 operando en la actualidad con un nivel de capacidad ociosa mayor al 40%, de la mano de ventas que caen a un ritmo de entre 20% y 30% interanual.<\/p>\n<p>&nbsp;<\/p>\n<p>El sector m\u00e1s comprometido es el de heladeras y freezers, donde m\u00e1s se sinti\u00f3 la competencia importada durante 2017 y el primer cuatrimestre de 2018. Ahora que el d\u00f3lar est\u00e1 en cerca de $28, el mayor problema que enfrentan es la suba de costos y la ca\u00edda de la demanda dom\u00e9stica.<\/p>\n<p>&nbsp;<\/p>\n<p>&#8220;Esta rama emplea a unas 6.000 empresas de manera directa. Pr\u00e1cticamente todas las firmas estamos tomando medidas paliativas para evitar echar gente&#8221;, plante\u00f3 una fuente vinculada con la entidad que nuclea a la industria de refrigeraci\u00f3n.<\/p>\n<p>&nbsp;<\/p>\n<p>El caso que m\u00e1s ruido viene haciendo es el de Mabe, empresa que opera en el parque industrial de San Luis y que suspendi\u00f3 a 250 trabajadores por el t\u00e9rmino de un mes, hasta el 2 de julio.<\/p>\n<p>&nbsp;<\/p>\n<p>En medio de versiones cruzadas sobre el cierre de su planta ubicada en Haedo, provincia de Buenos Aires, se confirm\u00f3 que estar\u00e1n desactivando sus l\u00edneas de cocinas y heladeras.<\/p>\n<p>&nbsp;<\/p>\n<p>En paralelo, Rheem, que fabrica termotanques y calefones en San Luis desde hace 20 a\u00f1os, rescindi\u00f3 el contrato de 119 empleados.<\/p>\n<p>&nbsp;<\/p>\n<p>Rosario tambi\u00e9n es una plaza muy afectada, dado que en esa ciudad se produce el 90% de las heladeras nacionales.<\/p>\n<p>&nbsp;<\/p>\n<p>Gafa y Bambi, dos de los principales fabricantes de equipos de fr\u00edo de esa provincia, hace ya un a\u00f1o que presentaron un Procedimiento Preventivo de Crisis.<\/p>\n<p>&nbsp;<\/p>\n<p>Sin embargo, el ex ministro de Producci\u00f3n de Santa Fe y actual diputado nacional del Frente Progresista, Luis Contigiani, adelant\u00f3 que se sumar\u00e1n m\u00e1s firmas al listado.<\/p>\n<p>&nbsp;<\/p>\n<p>Fuentes indicaron a este medio que hay Pymes que producen heladeras con m\u00e1s de 300 empleados que acaban de solicitar ese mismo procedimiento para el 100% de su plantilla.<\/p>\n<p>&nbsp;<\/p>\n<p>&#8220;Es una forma de atenuar un poco los costos laborales para poder pagar los sueldos y tirar para adelante hasta ver qu\u00e9 pasa. Todo esto se hace con el compromiso de no despedir personal&#8221;, asegur\u00f3 un industrial que pidi\u00f3 reserva de identidad.<\/p>\n<p>&nbsp;<\/p>\n<p>&nbsp;<\/p>\n<p><strong>Menos consumo <\/strong><\/p>\n<p>El mayor inconveniente que enfrenta el sector ahora es la ca\u00edda de la producci\u00f3n por la desaceleraci\u00f3n de la demanda, no solo minorista, sino tambi\u00e9n de las propias cadenas de retail.<\/p>\n<p>&nbsp;<\/p>\n<p>&#8220;El sector de los art\u00edculos del hogar tiene su estacionalidad: en verano se venden m\u00e1s los equipos de fr\u00edo, como heladeras y aire acondicionado, y en invierno, crece la demanda de art\u00edculos como calefones y termotantes&#8221;, apunt\u00f3 Cornejo.<\/p>\n<p>&nbsp;<\/p>\n<p>El directivo indic\u00f3 &#8220;es que la devaluaci\u00f3n y la baja del consumo provoc\u00f3 que los comercios no puedan liberarse del stock de productos para el Mundial y esto est\u00e1 demorando las \u00f3rdenes de compras de otros art\u00edculos del hogar, porque no pueden hacer frente con los pagos&#8221;.<\/p>\n<p>&nbsp;<\/p>\n<p>Para Cornejo, el nivel de compras tambi\u00e9n se vio afectado por el deterioro de las expectativas de los consumidores as\u00ed como por los cambios que sobrevinieron tras la corrida cambiaria.<\/p>\n<p>&nbsp;<\/p>\n<p>&#8220;Con una tasa de referencia del 40% es dif\u00edcil que los comercios puedan seguir sosteniendo las condiciones de financiamiento que ven\u00edan ofreciendo&#8221;, indic\u00f3.<\/p>\n<p>&nbsp;<\/p>\n<p>Seg\u00fan el directivo de Fedehogar, en 2017 la producci\u00f3n en general de este sector creci\u00f3 cerca de un 15%. Pero, el cambio de expectativas, el menor poder adquisitivo y el encarecimiento del cr\u00e9dito, est\u00e1 llevando a que este a\u00f1o &#8220;estemos cayendo en la misma proporci\u00f3n&#8221;.<\/p>\n<p>&nbsp;<\/p>\n<p>&#8220;En definitiva, estamos perdiendo todo el terreno que hab\u00edamos ganado en 2017&#8221;, indic\u00f3.<\/p>\n<p>&nbsp;<\/p>\n<p>Seg\u00fan un informe del Observatorio de Pol\u00edticas P\u00fablicas de la Universidad de Avellaneda (UNDAV), salvo la producci\u00f3n de microondas y equipos de aire acondicionado, el resto de los productos ven\u00eda de un 2017 con tasas de variaci\u00f3n positivas:<\/p>\n<p>&nbsp;<\/p>\n<p>-En el caso de heladeras, se produjeron 1,2 millones de equipos, casi 200.000 m\u00e1s que en 2016.<\/p>\n<p>&nbsp;<\/p>\n<p>-Las empresas dedicadas a la fabricaci\u00f3n de lavarropas y secarropas, en tanto, alcanzaron las 1,8 millones de unidades, 176.000 por encima del per\u00edodo previo.<\/p>\n<p>&nbsp;<\/p>\n<p>-En cocinas, la producci\u00f3n sum\u00f3 857.000, unas 143.000 m\u00e1s que el registro del a\u00f1o anterior, mientras que en calefacci\u00f3n el ritmo de fabricaci\u00f3n creci\u00f3 en 22.000 unidades<\/p>\n<p>&nbsp;<\/p>\n<p>Sin embargo, el sector este a\u00f1o ya est\u00e1 operando en negativo.<\/p>\n<p>&nbsp;<\/p>\n<p>&nbsp;<\/p>\n<p><strong>Retrocede el &#8220;made in Argentina&#8221;<\/strong><\/p>\n<p>Un informe de la UNDEV se\u00f1al\u00f3 que en 2015 la producci\u00f3n de l\u00ednea blanca alcanz\u00f3 el m\u00e1ximo hist\u00f3rico, b\u00e1sicamente por el cierre de las importaciones.<\/p>\n<p>&nbsp;<\/p>\n<p>&#8220;El proceso de crecimiento del sector fue tal que ese a\u00f1o, el 98% de los lavarropas y el 90% de las heladeras que se vend\u00edan en Argentina eran fabricados en el pa\u00eds&#8221; indicaron.<\/p>\n<p>&nbsp;<\/p>\n<p>Estos datos contrastaban con lo que ocurr\u00eda en 2003, cuando los productos de origen nacional ten\u00edan el 31% y el 69% del mercado, respectivamente.<\/p>\n<p>&nbsp;<\/p>\n<p>Sin embargo, la apertura de la econom\u00eda fue cambiando esa din\u00e1mica.<\/p>\n<p>&nbsp;<\/p>\n<p>En momentos en que el Gobierno decidi\u00f3 dejar de hacer p\u00fablicos los datos desagregados sobre comercio exterior, Contigiani revel\u00f3 que, antes del salto del d\u00f3lar, la competencia del exterior continu\u00f3 deteriorando el market share del &#8220;made in Argentina&#8221;.<\/p>\n<p>&nbsp;<\/p>\n<p>Un informe del Observatorio public\u00f3 un relevamiento actualizado al primer cuatrimestre que revel\u00f3 que la entrada de productos de l\u00ednea blanca creci\u00f3 un 108% en vol\u00famenes y un 121% en divisas.<\/p>\n<p>&nbsp;<\/p>\n<p>&nbsp;<\/p>\n<p><strong>Efectos colaterales de la devaluaci\u00f3n<\/strong><\/p>\n<p>Empresarios del sector advierten que si bien un d\u00f3lar a casi $28 est\u00e1 ayudando a desacelerar la entrada de productos importados, consideran que son peores los efectos colaterales debido a que estos equipos requieren de partes y componentes atados al valor del billete verde.<\/p>\n<p>&nbsp;<\/p>\n<p>Los lavarropas, por ejemplo, vienen equipados con un conjunto de electr\u00f3nica que figura entre las piezas m\u00e1s caras. Las mismas son tra\u00eddas generalmente de Asia. Esto implica que, en valores, el contenido local genuino puede rondar el 50%.<\/p>\n<p>&nbsp;<\/p>\n<p>En el caso de las has heladeras, los motores \u2013que representan m\u00e1s de la mitad del costo de cada unidad- no se hacen en el pa\u00eds sino que llegan armados desde China y Brasil.<\/p>\n<p>&nbsp;<\/p>\n<p>A esto se suma que todo lo que es chapa, vidrio, pl\u00e1sticos y pinturas -que inciden en un 20% en el precio final-, tambi\u00e9n se mueven al alza cuando el billete verde pega un salto.<\/p>\n<p>&nbsp;<\/p>\n<p>&#8220;Para nosotros la devaluaci\u00f3n fue un problema grave, porque nos agarr\u00f3 con mercader\u00eda que hab\u00edamos entregado, a cobrar a 90 d\u00edas, y cotizada a un d\u00f3lar a $20. Ahora estamos tratando de renegociar parte de esos pedidos&#8221;, explic\u00f3 el responsable de una Pyme rosarina.<\/p>\n<p>&nbsp;<\/p>\n<p>En paralelo, detall\u00f3 que &#8220;durante mayo y algunos d\u00edas de junio tuvimos que dejar de vender, como tambi\u00e9n lo hicieron otras f\u00e1bricas de l\u00ednea blanca, por el riesgo de quedar descalzados, porque tambi\u00e9n tenemos que cubrir las facturas de nuestros proveedores&#8221;.<\/p>\n<p>&nbsp;<\/p>\n<p>Cornejo, de Fedehogar, agreg\u00f3 que la suba de tasas y la inflaci\u00f3n les est\u00e1n generando otro gran problema a las Pymes.<\/p>\n<p>&nbsp;<\/p>\n<p>Sucede que las cadenas de retail pagan con cheques de cobro diferido y, cuando las empresas quieren cambiarlos por efectivo, sufren una fuerte quita.<\/p>\n<p>&nbsp;<\/p>\n<p>En el primer trimestre, el tipo de inter\u00e9s que enfrentaban las empresas para descontar cheques avalados en la City rondaba el 27%.<\/p>\n<p>&nbsp;<\/p>\n<p>Sin embargo, tras la corrida cambiaria y la suba de la tasa de referencia por parte del BCRA, ese nivel se increment\u00f3 m\u00e1s de 15 puntos.<\/p>\n<p>&nbsp;<\/p>\n<p>&#8220;Esto encareci\u00f3 el financiamiento enormemente para las Pymes y complica mucho la compra de insumos y materia prima&#8221;, indic\u00f3 uno de los industriales consultados.<\/p>\n<p>&nbsp;<\/p>\n<p>&nbsp;<\/p>\n<p><strong>\u00bfHay chances de que a partir del segundo semestre se revierta la tendencia? <\/strong><\/p>\n<p>Desde la entidad que nuclea a las peque\u00f1as y medianas empresas que fabrican heladeras, freezers y exhibidoras para comercios, se muestran pesimistas: proyectan una baja del 30% para todo el a\u00f1o en el volumen de producci\u00f3n.<\/p>\n<p>&nbsp;<\/p>\n<p>&#8220;Definitivamente, quedamos del lado de los que perdieron con el salto del d\u00f3lar&#8221;, concluy\u00f3.<\/p>\n","protected":false},"excerpt":{"rendered":"<p>El salto del d\u00f3lar encareci\u00f3 los costos de producci\u00f3n de heladeras, lavarropas y equipos de aire acondicionado. En un contexto en el que se deterior\u00f3 el nivel de ventas y se encareci\u00f3 el financiamiento, las Pymes del sector avanzan con suspensiones y recortes de turnos &nbsp; &nbsp; &nbsp; Los empresarios del sector l\u00ednea blanca tuvieron una reuni\u00f3n con Francisco Cabrera dos d\u00edas antes de que fuese desplazado del Ministerio de Producci\u00f3n. &nbsp; Le plantearon una larga lista de problemas que atraviesa esta rama de actividad. Se fueron del despacho con&#8230;<\/p>\n","protected":false},"author":3,"featured_media":29050,"comment_status":"closed","ping_status":"closed","sticky":false,"template":"","format":"standard","meta":[],"categories":[2],"tags":[],"_links":{"self":[{"href":"https:\/\/www.actualidadadiario.com\/index.php\/wp-json\/wp\/v2\/posts\/29049"}],"collection":[{"href":"https:\/\/www.actualidadadiario.com\/index.php\/wp-json\/wp\/v2\/posts"}],"about":[{"href":"https:\/\/www.actualidadadiario.com\/index.php\/wp-json\/wp\/v2\/types\/post"}],"author":[{"embeddable":true,"href":"https:\/\/www.actualidadadiario.com\/index.php\/wp-json\/wp\/v2\/users\/3"}],"replies":[{"embeddable":true,"href":"https:\/\/www.actualidadadiario.com\/index.php\/wp-json\/wp\/v2\/comments?post=29049"}],"version-history":[{"count":1,"href":"https:\/\/www.actualidadadiario.com\/index.php\/wp-json\/wp\/v2\/posts\/29049\/revisions"}],"predecessor-version":[{"id":29051,"href":"https:\/\/www.actualidadadiario.com\/index.php\/wp-json\/wp\/v2\/posts\/29049\/revisions\/29051"}],"wp:featuredmedia":[{"embeddable":true,"href":"https:\/\/www.actualidadadiario.com\/index.php\/wp-json\/wp\/v2\/media\/29050"}],"wp:attachment":[{"href":"https:\/\/www.actualidadadiario.com\/index.php\/wp-json\/wp\/v2\/media?parent=29049"}],"wp:term":[{"taxonomy":"category","embeddable":true,"href":"https:\/\/www.actualidadadiario.com\/index.php\/wp-json\/wp\/v2\/categories?post=29049"},{"taxonomy":"post_tag","embeddable":true,"href":"https:\/\/www.actualidadadiario.com\/index.php\/wp-json\/wp\/v2\/tags?post=29049"}],"curies":[{"name":"wp","href":"https:\/\/api.w.org\/{rel}","templated":true}]}}