{"id":29043,"date":"2018-06-25T10:17:52","date_gmt":"2018-06-25T13:17:52","guid":{"rendered":"https:\/\/www.actualidadadiario.com\/?p=29043"},"modified":"2018-11-06T19:43:16","modified_gmt":"2018-11-06T22:43:16","slug":"la-mitad-de-la-poblacion-teme-perder-el-empleo-y-el-61-no-llega-a-fin-de-mes","status":"publish","type":"post","link":"https:\/\/www.actualidadadiario.com\/index.php\/2018\/06\/25\/la-mitad-de-la-poblacion-teme-perder-el-empleo-y-el-61-no-llega-a-fin-de-mes\/","title":{"rendered":"La mitad de la poblaci\u00f3n teme perder el empleo y el 61% no llega a fin de mes"},"content":{"rendered":"<p><em><strong>Las razones del paro general dispuesto por la CGT abarcan un fuerte sustento econ\u00f3mico seg\u00fan un estudio privado. Entre las conclusiones se realza que el 61% de la poblaci\u00f3n tiene dificultades para llegar a fin de mes, temor en crecimiento a perder el empleo y percepci\u00f3n en cuanto a que su situaci\u00f3n laboral es &#8220;mala o muy mala&#8221; en uno de cada tres trabajadores. Son algunas de las definiciones que arroj\u00f3 el anticipo del monitor social que elabora el CEM (Centro de Estudios Metropolitanos), conformado por la Universidad Nacional Arturo Jauretche (UNAJ), la Universidad Metropolitana del Trabajo (UMET) y la Universidad Nacional de Hurlingham<\/strong><\/em><\/p>\n<p>&nbsp;<\/p>\n<p>&nbsp;<\/p>\n<p>&nbsp;<\/p>\n<p>&#8220;El 52% de los ciudadanos consider\u00f3 probable la p\u00e9rdida de su fuente de trabajo en los pr\u00f3ximos meses&#8221;, explic\u00f3 Mat\u00edas Barroetave\u00f1a titular del CEM. En la misma l\u00ednea consider\u00f3 que al cotejar con mediciones anteriores verificaron que la p\u00e9rdida de poder adquisitivo afect\u00f3 a hogares que no registraban inconvenientes en a\u00f1os anteriores e incluso ten\u00edan capacidad de ahorro. Casi la mitad de los habitantes del \u00c1rea Metropolitana (AMBA), el 49%, asegura que su situaci\u00f3n laboral empeor\u00f3, encuadre que a octubre del a\u00f1o pasado apenas super\u00f3 el 34%.<\/p>\n<p>&nbsp;<\/p>\n<p>&#8220;El cuadro de deterioro se completa resaltando que la proporci\u00f3n de personas que sali\u00f3 a buscar empleo y no lo obtuvo creci\u00f3 del 60% de octubre pasado a 73% en el mes de junio&#8221;, dijo Barroetave\u00f1a. El 37% de la muestra que ofreci\u00f3 el monitor social admiti\u00f3 cambios en la forma de contrataci\u00f3n entre las que citaron la reducci\u00f3n de la jornada laboral, modificaci\u00f3n de vacaciones, suspensiones o incremento de monotributistas en las dotaciones de personal.<\/p>\n<p>&nbsp;<\/p>\n<p>El monitor de clima social del AMBA es realizado por el CEM a partir de entrevistas telef\u00f3nicas con sistema IVR a tel\u00e9fonos fijos. El \u00faltimo relevamiento de junio se bas\u00f3 en 1.621 casos, tomados en la primera semana de ese mes.<\/p>\n","protected":false},"excerpt":{"rendered":"<p>Las razones del paro general dispuesto por la CGT abarcan un fuerte sustento econ\u00f3mico seg\u00fan un estudio privado. Entre las conclusiones se realza que el 61% de la poblaci\u00f3n tiene dificultades para llegar a fin de mes, temor en crecimiento a perder el empleo y percepci\u00f3n en cuanto a que su situaci\u00f3n laboral es &#8220;mala o muy mala&#8221; en uno de cada tres trabajadores. Son algunas de las definiciones que arroj\u00f3 el anticipo del monitor social que elabora el CEM (Centro de Estudios Metropolitanos), conformado por la Universidad Nacional Arturo&#8230;<\/p>\n","protected":false},"author":3,"featured_media":29044,"comment_status":"closed","ping_status":"closed","sticky":false,"template":"","format":"standard","meta":[],"categories":[2],"tags":[],"_links":{"self":[{"href":"https:\/\/www.actualidadadiario.com\/index.php\/wp-json\/wp\/v2\/posts\/29043"}],"collection":[{"href":"https:\/\/www.actualidadadiario.com\/index.php\/wp-json\/wp\/v2\/posts"}],"about":[{"href":"https:\/\/www.actualidadadiario.com\/index.php\/wp-json\/wp\/v2\/types\/post"}],"author":[{"embeddable":true,"href":"https:\/\/www.actualidadadiario.com\/index.php\/wp-json\/wp\/v2\/users\/3"}],"replies":[{"embeddable":true,"href":"https:\/\/www.actualidadadiario.com\/index.php\/wp-json\/wp\/v2\/comments?post=29043"}],"version-history":[{"count":1,"href":"https:\/\/www.actualidadadiario.com\/index.php\/wp-json\/wp\/v2\/posts\/29043\/revisions"}],"predecessor-version":[{"id":29045,"href":"https:\/\/www.actualidadadiario.com\/index.php\/wp-json\/wp\/v2\/posts\/29043\/revisions\/29045"}],"wp:featuredmedia":[{"embeddable":true,"href":"https:\/\/www.actualidadadiario.com\/index.php\/wp-json\/wp\/v2\/media\/29044"}],"wp:attachment":[{"href":"https:\/\/www.actualidadadiario.com\/index.php\/wp-json\/wp\/v2\/media?parent=29043"}],"wp:term":[{"taxonomy":"category","embeddable":true,"href":"https:\/\/www.actualidadadiario.com\/index.php\/wp-json\/wp\/v2\/categories?post=29043"},{"taxonomy":"post_tag","embeddable":true,"href":"https:\/\/www.actualidadadiario.com\/index.php\/wp-json\/wp\/v2\/tags?post=29043"}],"curies":[{"name":"wp","href":"https:\/\/api.w.org\/{rel}","templated":true}]}}