{"id":29033,"date":"2018-06-25T10:14:53","date_gmt":"2018-06-25T13:14:53","guid":{"rendered":"https:\/\/www.actualidadadiario.com\/?p=29033"},"modified":"2018-11-06T19:43:21","modified_gmt":"2018-11-06T22:43:21","slug":"la-defensa-formalizo-la-apelacion-al-procesamiento-contra-varisco","status":"publish","type":"post","link":"https:\/\/www.actualidadadiario.com\/index.php\/2018\/06\/25\/la-defensa-formalizo-la-apelacion-al-procesamiento-contra-varisco\/","title":{"rendered":"La defensa formaliz\u00f3 la apelaci\u00f3n al procesamiento contra Varisco"},"content":{"rendered":"<p><em><strong>&#8220;En el expediente existen innumerables elementos que nos dan insumos para argumentar a favor de su inocencia&#8221;, argument\u00f3 Pagliotto. &#8220;Varisco no es consumidor&#8221;, sentenci\u00f3<\/strong><\/em><\/p>\n<p>&nbsp;<\/p>\n<p>&nbsp;<\/p>\n<p>&nbsp;<\/p>\n<p>&nbsp;<\/p>\n<p>El abogado de Sergio Varisco apel\u00f3 el procesamiento contra el intendente de Paran\u00e1, este lunes ante el Juzgado Federal de Paran\u00e1. &#8220;En el expediente existen innumerables elementos que nos dan insumos para argumentar a favor de su inocencia&#8221;, argument\u00f3 Rub\u00e9n Pagliotto.<\/p>\n<p>&nbsp;<\/p>\n<p>&#8220;Esto era lo esperado y esperable, y hoy, junto a Miguel \u00c1ngel Cullen, presentamos la apelaci\u00f3n al auto de procesamiento contra Sergio Varisco que se produjo el 18 de este mes&#8221;, confirm\u00f3 el letrado, al tiempo que explic\u00f3: &#8220;Hemos fundado y dado a conocer los agravios que nos produce el decisorio judicial en cuanto al procesamiento&#8221;.<\/p>\n<p>&nbsp;<\/p>\n<p>Se recordar\u00e1 que el juez federal Leandro R\u00edos proces\u00f3 al intendente Sergio Varisco por el presunto &#8220;delito de financiamiento de actividades de comercio de estupefacientes, en concurso ideal&#8221;, como as\u00ed tambi\u00e9n peculado, por el uso de fondos municipales. El procesamiento tambi\u00e9n alcanza al concejal H\u00e9ctor Pablo Hern\u00e1ndez (Cambiemos) y a la funcionaria municipal Griselda Bordeira.<\/p>\n<p>&nbsp;<\/p>\n<p>Pero para el representante legal del mandatario municipal, &#8220;en el expediente existen innumerables elementos que nos dan insumos para argumentar a favor de la inocencia de Varisco&#8221;.<\/p>\n<p>&nbsp;<\/p>\n<p>&#8220;Hay elementos m\u00e1s que suficientes para direccionar la conclusi\u00f3n en algo que lo aleje de la incriminaci\u00f3n a Varisco, porque el intendente no forma parte de ninguna organizaci\u00f3n delictiva, menos de una dedicada al narcotr\u00e1fico y tampoco adquiri\u00f3 seis kilogramos, ni medio gramos&#8221;, justific\u00f3 Pagliotto.<\/p>\n<p>&nbsp;<\/p>\n<p>&#8220;Se dio cabal muestra, a partir de los an\u00e1lisis respectivos, que Varisco no es consumidor, m\u00e1s all\u00e1 de que esto no es parte de la investigaci\u00f3n porque hace a su vida privada&#8221;, argument\u00f3 el abogado.<\/p>\n<p>&nbsp;<\/p>\n<p>&nbsp;<\/p>\n<p><strong>Varisco\u00a0 &#8211; Celis<\/strong><\/p>\n<p>El intendente de Paran\u00e1 fue procesado en el marco de la causa que investiga las presuntas vinculaciones con la banda narco que lidera Daniel &#8220;Tavi&#8221; Celis, quien actualmente cumple pena de prisi\u00f3n de siete a\u00f1os y medio, en la c\u00e1rcel de la ciudad de Federal, tras un juicio abreviado por el robo a una familia propietaria de un establecimiento rural del Departamento Diamante.<\/p>\n<p>&nbsp;<\/p>\n<p>Al respecto, Pagliotto reiter\u00f3 que &#8220;la relaci\u00f3n con Celis fue en el marco de la campa\u00f1a electoral pasada como integrante \u00e9ste, junto a otros, de una organizaci\u00f3n vecinal Movimiento vecinalista del oeste&#8221;.<\/p>\n<p>&nbsp;<\/p>\n<p>&#8220;A poco de asumir las relaciones, quiz\u00e1s por el run-run que le llega a Varisco de que Celis no andaba en buenas cosas, deciden separarse y comienzan a observarse parte de los reproches que Celis le hace a Varisco, a gente ligada a Varisco, porque era como que le hab\u00eda soltado la mano y se habr\u00eda alejado y que los nombramientos, los contratos, nunca se dieron&#8221;, explic\u00f3 el defensor del intendente.<\/p>\n<p>&nbsp;<\/p>\n<p>&#8220;Esa es la puerta para darnos cuenta que fue aquella vinculaci\u00f3n primaria que luego, no fue tal&#8221;, remarc\u00f3 Pagliotto.<\/p>\n<p>&nbsp;<\/p>\n<p>&nbsp;<\/p>\n<p><strong>No volver\u00e1 a declarar<\/strong><\/p>\n<p>Cuando se le consult\u00f3 al abogado c\u00f3mo contin\u00faa la causa judicial, \u00e9ste estim\u00f3 que la apelaci\u00f3n al auto de procesamiento del intendente, &#8220;har\u00e1 que se congelen un poco todas las otras cuestiones probatorias hasta que finalmente la C\u00e1mara decida acerca de los procesamientos que apelamos las defensas de los imputados&#8221;.<\/p>\n<p>&nbsp;<\/p>\n<p>&#8220;Varisco puede ser citado como cualquiera, las veces que sean necesarias, y sin necesidad de ser citado, tiene el derecho a ejercer su defensa y a pedirle al juez que le tome una ampliaci\u00f3n de indagatoria, siempre y cuando tenga algo que aportar&#8221;, coment\u00f3 Pagliotto, al tiempo que adelant\u00f3: &#8220;Por el momento, no volver\u00e1 a declarar porque ya dijo lo que ten\u00eda para decir&#8221;.<\/p>\n","protected":false},"excerpt":{"rendered":"<p>&#8220;En el expediente existen innumerables elementos que nos dan insumos para argumentar a favor de su inocencia&#8221;, argument\u00f3 Pagliotto. &#8220;Varisco no es consumidor&#8221;, sentenci\u00f3 &nbsp; &nbsp; &nbsp; &nbsp; El abogado de Sergio Varisco apel\u00f3 el procesamiento contra el intendente de Paran\u00e1, este lunes ante el Juzgado Federal de Paran\u00e1. &#8220;En el expediente existen innumerables elementos que nos dan insumos para argumentar a favor de su inocencia&#8221;, argument\u00f3 Rub\u00e9n Pagliotto. &nbsp; &#8220;Esto era lo esperado y esperable, y hoy, junto a Miguel \u00c1ngel Cullen, presentamos la apelaci\u00f3n al auto de procesamiento&#8230;<\/p>\n","protected":false},"author":3,"featured_media":28963,"comment_status":"closed","ping_status":"closed","sticky":false,"template":"","format":"standard","meta":[],"categories":[9,15],"tags":[],"_links":{"self":[{"href":"https:\/\/www.actualidadadiario.com\/index.php\/wp-json\/wp\/v2\/posts\/29033"}],"collection":[{"href":"https:\/\/www.actualidadadiario.com\/index.php\/wp-json\/wp\/v2\/posts"}],"about":[{"href":"https:\/\/www.actualidadadiario.com\/index.php\/wp-json\/wp\/v2\/types\/post"}],"author":[{"embeddable":true,"href":"https:\/\/www.actualidadadiario.com\/index.php\/wp-json\/wp\/v2\/users\/3"}],"replies":[{"embeddable":true,"href":"https:\/\/www.actualidadadiario.com\/index.php\/wp-json\/wp\/v2\/comments?post=29033"}],"version-history":[{"count":1,"href":"https:\/\/www.actualidadadiario.com\/index.php\/wp-json\/wp\/v2\/posts\/29033\/revisions"}],"predecessor-version":[{"id":29034,"href":"https:\/\/www.actualidadadiario.com\/index.php\/wp-json\/wp\/v2\/posts\/29033\/revisions\/29034"}],"wp:featuredmedia":[{"embeddable":true,"href":"https:\/\/www.actualidadadiario.com\/index.php\/wp-json\/wp\/v2\/media\/28963"}],"wp:attachment":[{"href":"https:\/\/www.actualidadadiario.com\/index.php\/wp-json\/wp\/v2\/media?parent=29033"}],"wp:term":[{"taxonomy":"category","embeddable":true,"href":"https:\/\/www.actualidadadiario.com\/index.php\/wp-json\/wp\/v2\/categories?post=29033"},{"taxonomy":"post_tag","embeddable":true,"href":"https:\/\/www.actualidadadiario.com\/index.php\/wp-json\/wp\/v2\/tags?post=29033"}],"curies":[{"name":"wp","href":"https:\/\/api.w.org\/{rel}","templated":true}]}}