{"id":2903,"date":"2016-10-19T09:29:57","date_gmt":"2016-10-19T12:29:57","guid":{"rendered":"http:\/\/actualidadadiario.com\/site\/?p=2903"},"modified":"2016-10-19T09:29:58","modified_gmt":"2016-10-19T12:29:58","slug":"se-puso-en-funcionamiento-un-nuevo-centro-preventivo-de-adicciones-en-entre-rios","status":"publish","type":"post","link":"https:\/\/www.actualidadadiario.com\/index.php\/2016\/10\/19\/se-puso-en-funcionamiento-un-nuevo-centro-preventivo-de-adicciones-en-entre-rios\/","title":{"rendered":"Se puso en funcionamiento un nuevo centro preventivo de adicciones en Entre R\u00edos"},"content":{"rendered":"<p><em><strong>Este martes se inaugur\u00f3 en Concordia un Centro Preventivo Local de Adicciones (Cepla) enfocado a la contenci\u00f3n y la asistencia de los j\u00f3venes en situaci\u00f3n de vulnerabilidad a partir de consumos problem\u00e1ticos. La instituci\u00f3n integra el programa de Centros de Atenci\u00f3n y Prevenci\u00f3n de Adicciones que lleva adelante el gobierno de Gustavo Bordet<\/strong><\/em><\/p>\n<p>&nbsp;<\/p>\n<p>&nbsp;<\/p>\n<p>&nbsp;<\/p>\n<p>&nbsp;<\/p>\n<p>&nbsp;<\/p>\n<p>\u201cEsto significa que no solamente avanzamos en la lucha contra el narcotr\u00e1fico, sino tambi\u00e9n en generar espacios para la prevenci\u00f3n de adicciones para j\u00f3venes que se encuentran en una situaci\u00f3n de vulnerabilidad social, que apunten a la creaci\u00f3n de un ambiente saludable y alejado de las drogas\u201d, afirm\u00f3 el ministro de Gobierno, Mauro Urribarri, junto al intendente Enrique Cresto, durante el acto de inauguraci\u00f3n de la instituci\u00f3n, en la que tambi\u00e9n estuvieron presentes los secretarios de Salud, Mario Imaz, y de Lucha Contra las Adicciones, Mario Elizalde.<\/p>\n<p>Los Ceplas son espacios de encuentro, contenci\u00f3n, recreaci\u00f3n, formaci\u00f3n y capacitaci\u00f3n, que buscan impulsar la creatividad, el desarrollo cultural, deportivo y art\u00edstico, y generar herramientas con el fin de potenciar el proyecto de vida de cada participante.<\/p>\n<p>En ese sentido, el ministro de Gobierno Mauro Urribarri afirm\u00f3 que \u201cse trata de trabajar en la contenci\u00f3n y asistencia, involucrando tambi\u00e9n a la comunidad a trav\u00e9s de espacios de encuentro en materia de deporte, cultura, recreaci\u00f3n y capacitaci\u00f3n\u201d.<\/p>\n<p>\u201cDesde el gobierno provincial, y por disposici\u00f3n de nuestro gobernador Gustavo Bordet, trabajamos con los municipios y el gobierno nacional en un enfoque transversal que nos permita abordar la problem\u00e1tica de las adicciones desde todos sus \u00e1ngulos\u201d, remarc\u00f3 el ministro Urribarri.<\/p>\n<p>En ese marco, el ministro se\u00f1al\u00f3 que \u201cno se trata de criminalizar al consumidor, sino de trabajar en la contenci\u00f3n y asistencia involucrando tambi\u00e9n a la comunidad a trav\u00e9s de espacios de encuentro en materia de deporte, cultura, recreaci\u00f3n y capacitaci\u00f3n\u201d.<\/p>\n<p>\u201cSabemos que es una problem\u00e1tica muy compleja, y si bien avanzamos en la lucha contra el narcotr\u00e1fico desde la profesionalizaci\u00f3n de la fuerza, la efectividad de los allanamientos, el trabajo conjunto con las fuerzas federales y la articulaci\u00f3n con el gobierno nacional a trav\u00e9s del programa Argentina sin Narcotr\u00e1fico presentado en agosto; entendemos tambi\u00e9n como sumamente necesario este trabajo en el plano social, en el cual como Estado nos proponemos trabajar junto a la comunidad en lograr resultados efectivos\u201d, confirm\u00f3 el ministro de gobierno<\/p>\n<p>&nbsp;<\/p>\n<p>&nbsp;<\/p>\n<p>&nbsp;<\/p>\n<p><strong>Coronaci\u00f3n de un trabajo<\/strong><\/p>\n<p>En tanto, el secretario de Salud, Mario Imaz, se refiri\u00f3 a las gestiones emprendidas por el gobernador Gustavo Bordet cuando era intendente de Concordia para concretar el Cepla. &#8220;Con esto se corona un trabajo\u201d, dijo y destac\u00f3 el equipo de trabajo que hizo posible la obra, el aporte de Mariel \u00c0vila de Bordet y la articulaci\u00f3n con organizaciones, entre las que destac\u00f3 la Iglesia.<br \/>\nEn ese sentido, el funcionario provincial resalt\u00f3 que &#8220;hoy debe haber entre 70 y 90 chicos que concurren, est\u00e1n todos en situaciones dif\u00edciles&#8221;, y destac\u00f3 el padrinazgo de la instituci\u00f3n que oportunamente acept\u00f3 Omar Kueider.<\/p>\n<p>&nbsp;<br \/>\n\u201cCuando uno est\u00e1 comprometido con este tipo de cosas como son las adicciones, esto es un hito para la comunidad porque le brinda contenci\u00f3n a un grupo de chicos y no tanto, que concurren al centro y tienen la contenci\u00f3n adecuada\u201d, concluy\u00f3 Imaz.<\/p>\n<p>&nbsp;<\/p>\n<p>&nbsp;<\/p>\n<p><strong>Funcionamiento del Cepla<\/strong><\/p>\n<p>El Cepla tiene un horario de funcionamiento \u201cat\u00edpico, desde las 7 y hasta las 11 o 12 de la noche. Los fines de semana un poco m\u00e1s tarde, has las tres o cuatro de la ma\u00f1ana. Porque el objetivo de este tipo de instituciones es darle contenci\u00f3n a los chicos y adolescentes en los horarios donde pueden llegar a tener alg\u00fan tipo de conflicto que los lleva al consumo\u201d, explic\u00f3 el secretario de Salud.<\/p>\n<p>El objetivo \u201ces trabajar fuertemente en la prevenci\u00f3n porque es donde podemos y debemos actuar porque despu\u00e9s es m\u00e1s dif\u00edcil. El porcentaje de recuperaci\u00f3n de los chicos que tienen una verdadera adicci\u00f3n, aparte de ser sumamente caro, es muy bajo y la alta incidencia de reingreso y reca\u00eddas es muy alta\u201d, fundament\u00f3.<\/p>\n<p>Finalmente, Imaz remarc\u00f3 que el Cepla, \u201cviene a cubrir una necesidad imperiosa de la regi\u00f3n, lo que quiero destacar es el equipo que se ha logrado conformar, con un alt\u00edsimo compromiso, y a nosotros nos llena de orgullo.<\/p>\n<p>Las acciones a realizar deber\u00e1n tener como eje la contenci\u00f3n a trav\u00e9s del deporte, la formaci\u00f3n, la cultura y la recreaci\u00f3n de los sectores que se encuentren en riesgo ante el consumo de drogas.<\/p>\n","protected":false},"excerpt":{"rendered":"<p>Este martes se inaugur\u00f3 en Concordia un Centro Preventivo Local de Adicciones (Cepla) enfocado a la contenci\u00f3n y la asistencia de los j\u00f3venes en situaci\u00f3n de vulnerabilidad a partir de consumos problem\u00e1ticos. La instituci\u00f3n integra el programa de Centros de Atenci\u00f3n y Prevenci\u00f3n de Adicciones que lleva adelante el gobierno de Gustavo Bordet &nbsp; &nbsp; &nbsp; &nbsp; &nbsp; \u201cEsto significa que no solamente avanzamos en la lucha contra el narcotr\u00e1fico, sino tambi\u00e9n en generar espacios para la prevenci\u00f3n de adicciones para j\u00f3venes que se encuentran en una situaci\u00f3n de vulnerabilidad&#8230;<\/p>\n","protected":false},"author":3,"featured_media":2904,"comment_status":"closed","ping_status":"closed","sticky":false,"template":"","format":"standard","meta":[],"categories":[15],"tags":[],"_links":{"self":[{"href":"https:\/\/www.actualidadadiario.com\/index.php\/wp-json\/wp\/v2\/posts\/2903"}],"collection":[{"href":"https:\/\/www.actualidadadiario.com\/index.php\/wp-json\/wp\/v2\/posts"}],"about":[{"href":"https:\/\/www.actualidadadiario.com\/index.php\/wp-json\/wp\/v2\/types\/post"}],"author":[{"embeddable":true,"href":"https:\/\/www.actualidadadiario.com\/index.php\/wp-json\/wp\/v2\/users\/3"}],"replies":[{"embeddable":true,"href":"https:\/\/www.actualidadadiario.com\/index.php\/wp-json\/wp\/v2\/comments?post=2903"}],"version-history":[{"count":1,"href":"https:\/\/www.actualidadadiario.com\/index.php\/wp-json\/wp\/v2\/posts\/2903\/revisions"}],"predecessor-version":[{"id":2905,"href":"https:\/\/www.actualidadadiario.com\/index.php\/wp-json\/wp\/v2\/posts\/2903\/revisions\/2905"}],"wp:featuredmedia":[{"embeddable":true,"href":"https:\/\/www.actualidadadiario.com\/index.php\/wp-json\/wp\/v2\/media\/2904"}],"wp:attachment":[{"href":"https:\/\/www.actualidadadiario.com\/index.php\/wp-json\/wp\/v2\/media?parent=2903"}],"wp:term":[{"taxonomy":"category","embeddable":true,"href":"https:\/\/www.actualidadadiario.com\/index.php\/wp-json\/wp\/v2\/categories?post=2903"},{"taxonomy":"post_tag","embeddable":true,"href":"https:\/\/www.actualidadadiario.com\/index.php\/wp-json\/wp\/v2\/tags?post=2903"}],"curies":[{"name":"wp","href":"https:\/\/api.w.org\/{rel}","templated":true}]}}