{"id":29029,"date":"2018-06-25T10:13:33","date_gmt":"2018-06-25T13:13:33","guid":{"rendered":"https:\/\/www.actualidadadiario.com\/?p=29029"},"modified":"2018-11-06T19:43:21","modified_gmt":"2018-11-06T22:43:21","slug":"varisco-procesado-por-sus-vinculos-con-el-narcotrafico-se-defendio","status":"publish","type":"post","link":"https:\/\/www.actualidadadiario.com\/index.php\/2018\/06\/25\/varisco-procesado-por-sus-vinculos-con-el-narcotrafico-se-defendio\/","title":{"rendered":"Varisco  procesado por sus v\u00ednculos con el narcotr\u00e1fico, se defendi\u00f3"},"content":{"rendered":"<p><em><strong>El intendente de Paran\u00e1 Sergio Varisco rompi\u00f3 el silencio luego de ser procesado en una causa por su presunta vinculaci\u00f3n con una organizaci\u00f3n de narcotr\u00e1fico. &#8220;Nunca tuve contacto con el submundo de la droga&#8221;, dijo en el programa La Cornisa, emitido por Am\u00e9rica TV<\/strong><\/em><\/p>\n<p>&nbsp;<\/p>\n<p>&nbsp;<\/p>\n<p>&nbsp;<\/p>\n<p>&nbsp;<\/p>\n<p>&#8220;Usted es el intendente de Paran\u00e1 y est\u00e1 acusado de ser el financista de una organizaci\u00f3n de narcotraficantes de esta zona&#8221;, le preguntaron la entrevista. &#8220;S\u00ed, una acusaci\u00f3n muy grave, soy muy consciente de lo que eso significa, pero no solamente financiaci\u00f3n sino adquisici\u00f3n y venta, es decir, ser parte de una red de narcotraficantes. Nada m\u00e1s alejado de la realidad. Nunca tuve contacto con el submundo de la droga&#8221;, se defendi\u00f3 Varisco.<\/p>\n<p>&nbsp;<\/p>\n<p>El juez federal Leandro R\u00edos hab\u00eda comentado que la organizaci\u00f3n liderada por Daniel Tavis Celis inclu\u00eda a concejales del partido y a una ex polic\u00eda parte del equipo de seguridad. Sin embargo, el intendente de Paran\u00e1 dijo: &#8220;Celis particip\u00f3 de mi campa\u00f1a pol\u00edtica pero luego lo separamos&#8221;.<\/p>\n<p>&nbsp;<\/p>\n<p>&#8220;Yo no figuro ni en ninguna escucha ni en ninguna conversaci\u00f3n. No solo que no hay pruebas sino que no hay indicios ciertos. Soy tan inocente que no deber\u00eda temer a nadie. No le puedo negar que me preocupa. Pero siempre honr\u00e9 mi conducta personal y mi actividad pol\u00edtica&#8221;, prosigui\u00f3.<\/p>\n<p>&nbsp;<\/p>\n<p>Frente a la pregunta de si tiene miedo de ir preso, Varisco confes\u00f3: &#8220;No creo que eso pueda ocurrir pero obviamente estoy pasando un infierno&#8221;.<\/p>\n<p>&nbsp;<\/p>\n<p>A ra\u00edz de la decisi\u00f3n del juez R\u00edos, la ministra de Seguridad Patricia Bullrich hab\u00eda escrito en su cuenta de Twitter: &#8220;Quien se ponga del lado equivocado tendr\u00e1 su castigo. Para nuestro gobierno no existen amigos ni privilegios que nos frenen en nuestro camino hacia una Argentina Sin Narcotr\u00e1fico&#8221;.<\/p>\n<p>&nbsp;<\/p>\n<p>&#8220;No va a ser mi caso. Nadie puede volver a la barbarie de dejar por tierra la presunci\u00f3n de inocencia&#8221;, sentenci\u00f3 el intendente de Cambiemos.<\/p>\n","protected":false},"excerpt":{"rendered":"<p>El intendente de Paran\u00e1 Sergio Varisco rompi\u00f3 el silencio luego de ser procesado en una causa por su presunta vinculaci\u00f3n con una organizaci\u00f3n de narcotr\u00e1fico. &#8220;Nunca tuve contacto con el submundo de la droga&#8221;, dijo en el programa La Cornisa, emitido por Am\u00e9rica TV &nbsp; &nbsp; &nbsp; &nbsp; &#8220;Usted es el intendente de Paran\u00e1 y est\u00e1 acusado de ser el financista de una organizaci\u00f3n de narcotraficantes de esta zona&#8221;, le preguntaron la entrevista. &#8220;S\u00ed, una acusaci\u00f3n muy grave, soy muy consciente de lo que eso significa, pero no solamente financiaci\u00f3n&#8230;<\/p>\n","protected":false},"author":3,"featured_media":27884,"comment_status":"closed","ping_status":"closed","sticky":false,"template":"","format":"standard","meta":[],"categories":[15],"tags":[],"_links":{"self":[{"href":"https:\/\/www.actualidadadiario.com\/index.php\/wp-json\/wp\/v2\/posts\/29029"}],"collection":[{"href":"https:\/\/www.actualidadadiario.com\/index.php\/wp-json\/wp\/v2\/posts"}],"about":[{"href":"https:\/\/www.actualidadadiario.com\/index.php\/wp-json\/wp\/v2\/types\/post"}],"author":[{"embeddable":true,"href":"https:\/\/www.actualidadadiario.com\/index.php\/wp-json\/wp\/v2\/users\/3"}],"replies":[{"embeddable":true,"href":"https:\/\/www.actualidadadiario.com\/index.php\/wp-json\/wp\/v2\/comments?post=29029"}],"version-history":[{"count":1,"href":"https:\/\/www.actualidadadiario.com\/index.php\/wp-json\/wp\/v2\/posts\/29029\/revisions"}],"predecessor-version":[{"id":29030,"href":"https:\/\/www.actualidadadiario.com\/index.php\/wp-json\/wp\/v2\/posts\/29029\/revisions\/29030"}],"wp:featuredmedia":[{"embeddable":true,"href":"https:\/\/www.actualidadadiario.com\/index.php\/wp-json\/wp\/v2\/media\/27884"}],"wp:attachment":[{"href":"https:\/\/www.actualidadadiario.com\/index.php\/wp-json\/wp\/v2\/media?parent=29029"}],"wp:term":[{"taxonomy":"category","embeddable":true,"href":"https:\/\/www.actualidadadiario.com\/index.php\/wp-json\/wp\/v2\/categories?post=29029"},{"taxonomy":"post_tag","embeddable":true,"href":"https:\/\/www.actualidadadiario.com\/index.php\/wp-json\/wp\/v2\/tags?post=29029"}],"curies":[{"name":"wp","href":"https:\/\/api.w.org\/{rel}","templated":true}]}}