{"id":29015,"date":"2018-06-23T13:37:03","date_gmt":"2018-06-23T16:37:03","guid":{"rendered":"https:\/\/www.actualidadadiario.com\/?p=29015"},"modified":"2018-11-06T19:43:21","modified_gmt":"2018-11-06T22:43:21","slug":"juez-del-tribunal-supremo-brasileno-rechaza-el-pedido-de-libertad-para-lula","status":"publish","type":"post","link":"https:\/\/www.actualidadadiario.com\/index.php\/2018\/06\/23\/juez-del-tribunal-supremo-brasileno-rechaza-el-pedido-de-libertad-para-lula\/","title":{"rendered":"Juez del Tribunal Supremo brasile\u00f1o rechaza el pedido de libertad para Lula"},"content":{"rendered":"<p><em><strong>El ministro Luiz Edson Fachin, del Supremo Tribunal Federal (STF), archiv\u00f3 el viernes la solicitud de libertad presentada por la defensa del ex presidente Luiz Inacio Lula da Silva<\/strong><\/em><\/p>\n<p>&nbsp;<\/p>\n<p>&nbsp;<\/p>\n<p>&nbsp;<\/p>\n<p>&nbsp;<\/p>\n<p>La defensa de Lula puede alegar urgencia y recurrir de la decisi\u00f3n de Fachin hasta el pr\u00f3ximo lunes (25), por medio de un instrumento llamado agravio regimental.<\/p>\n<p>&nbsp;<\/p>\n<p>Lula est\u00e1 preso desde abril, despu\u00e9s de haber sido condenado en la Lava Jato, y el pedido ser\u00eda juzgado el pr\u00f3ximo martes (26). El recurso ya fue retirado de la pauta de juicios de la Segunda Clase del Supremo.<\/p>\n<p>&nbsp;<\/p>\n<p>Fachin decidi\u00f3 por el archivo tras el Tribunal Regional Federal de la Cuarta Regi\u00f3n (TRF-4), responsable de Lava Jato en segunda instancia, enviar el caso de Lula al Superior Tribunal de Justicia (STJ), y no al STF.<\/p>\n<p>&nbsp;<\/p>\n<p>Para el ministro, de esta forma, el pedido de libertad qued\u00f3 &#8220;perjudicado&#8221;.<\/p>\n<p>&nbsp;<\/p>\n<p>La defensa del ex presidente lleg\u00f3 a pedir al STF que, si la libertad fuera rechazada, el petista pasara a cumplir la pena en prisi\u00f3n domiciliaria.<\/p>\n<p>&nbsp;<\/p>\n<p>&nbsp;<\/p>\n<p><strong>Condena <\/strong><\/p>\n<p>Condenado a 12 a\u00f1os y 1 mes en r\u00e9gimen cerrado inicialmente, Lula se ha quedado atascado en la Superintendencia de la Polic\u00eda Federal en Curitiba (PR). Fue condenado en segunda instancia por los delitos de corrupci\u00f3n pasiva y lavado de dinero.<\/p>\n<p>&nbsp;<\/p>\n<p>La prisi\u00f3n fue decretada porque, en el entendimiento del TRF-4, Lula recibi\u00f3 de la OAS un triplex en Guaruj\u00e1 (SP) en retribuci\u00f3n a contratos firmados por la constructora con Petrobras.<\/p>\n<p>&nbsp;<\/p>\n<p>Desde el comienzo de las investigaciones, Lula niega la acusaci\u00f3n, afirmando que el inmueble no es de \u00e9l y que \u00e9l no practic\u00f3 cr\u00edmenes. La defensa del ex presidente tambi\u00e9n afirma que la acusaci\u00f3n del Ministerio P\u00fablico no present\u00f3 pruebas.<\/p>\n<p>&nbsp;<\/p>\n<p>La defensa de Lula present\u00f3 al STF una petici\u00f3n de efecto suspensivo de la ejecuci\u00f3n de la pena, es decir, para el ex presidente esperar en libertad mientras los recursos son juzgados en las instancias superiores.<\/p>\n<p>&nbsp;<\/p>\n<p>La defensa tambi\u00e9n pidi\u00f3 la suspensi\u00f3n de la inelegibilidad generada con la condena en la segunda instancia de la Justicia, seg\u00fan prev\u00e9 la Ley de la Ficha Limpia.<\/p>\n<p>&nbsp;<\/p>\n<p>Para ello, la defensa entreg\u00f3 memorias a los ministros de la Segunda Clase el jueves (21) e hizo tambi\u00e9n una petici\u00f3n alternativa: para Lula cumplir el arresto domiciliario si la solicitud de libertad fuera rechazada.<\/p>\n<p>&nbsp;<\/p>\n<p>&nbsp;<\/p>\n<p><strong>Los argumentos <\/strong><\/p>\n<p>Para suspender el arresto y la inhabilitaci\u00f3n, la defensa reiter\u00f3 los argumentos ya presentados a las presuntas irregularidades TRF-4 para apuntar en el proceso, incluyendo:<\/p>\n<p>&nbsp;<\/p>\n<p>Incompetencia del juez S\u00e9rgio Moro para analizar el caso en primera instancia;<\/p>\n<p>Falta de parcialidad en el juicio;<\/p>\n<p>Falta de exenci\u00f3n por parte de los fiscales.<\/p>\n<p>&nbsp;<\/p>\n<p>Los abogados de Lula alegan que la liberaci\u00f3n del ex presidente &#8220;no causar\u00e1 ning\u00fan da\u00f1o a la Justicia P\u00fablica o a la sociedad&#8221;, agregando que el mantenimiento de \u00e9l en la c\u00e1rcel causa &#8220;lesi\u00f3n grave de dif\u00edcil reparaci\u00f3n&#8221;.<\/p>\n","protected":false},"excerpt":{"rendered":"<p>El ministro Luiz Edson Fachin, del Supremo Tribunal Federal (STF), archiv\u00f3 el viernes la solicitud de libertad presentada por la defensa del ex presidente Luiz Inacio Lula da Silva &nbsp; &nbsp; &nbsp; &nbsp; La defensa de Lula puede alegar urgencia y recurrir de la decisi\u00f3n de Fachin hasta el pr\u00f3ximo lunes (25), por medio de un instrumento llamado agravio regimental. &nbsp; Lula est\u00e1 preso desde abril, despu\u00e9s de haber sido condenado en la Lava Jato, y el pedido ser\u00eda juzgado el pr\u00f3ximo martes (26). El recurso ya fue retirado de&#8230;<\/p>\n","protected":false},"author":3,"featured_media":29016,"comment_status":"closed","ping_status":"closed","sticky":false,"template":"","format":"standard","meta":[],"categories":[4],"tags":[],"_links":{"self":[{"href":"https:\/\/www.actualidadadiario.com\/index.php\/wp-json\/wp\/v2\/posts\/29015"}],"collection":[{"href":"https:\/\/www.actualidadadiario.com\/index.php\/wp-json\/wp\/v2\/posts"}],"about":[{"href":"https:\/\/www.actualidadadiario.com\/index.php\/wp-json\/wp\/v2\/types\/post"}],"author":[{"embeddable":true,"href":"https:\/\/www.actualidadadiario.com\/index.php\/wp-json\/wp\/v2\/users\/3"}],"replies":[{"embeddable":true,"href":"https:\/\/www.actualidadadiario.com\/index.php\/wp-json\/wp\/v2\/comments?post=29015"}],"version-history":[{"count":1,"href":"https:\/\/www.actualidadadiario.com\/index.php\/wp-json\/wp\/v2\/posts\/29015\/revisions"}],"predecessor-version":[{"id":29017,"href":"https:\/\/www.actualidadadiario.com\/index.php\/wp-json\/wp\/v2\/posts\/29015\/revisions\/29017"}],"wp:featuredmedia":[{"embeddable":true,"href":"https:\/\/www.actualidadadiario.com\/index.php\/wp-json\/wp\/v2\/media\/29016"}],"wp:attachment":[{"href":"https:\/\/www.actualidadadiario.com\/index.php\/wp-json\/wp\/v2\/media?parent=29015"}],"wp:term":[{"taxonomy":"category","embeddable":true,"href":"https:\/\/www.actualidadadiario.com\/index.php\/wp-json\/wp\/v2\/categories?post=29015"},{"taxonomy":"post_tag","embeddable":true,"href":"https:\/\/www.actualidadadiario.com\/index.php\/wp-json\/wp\/v2\/tags?post=29015"}],"curies":[{"name":"wp","href":"https:\/\/api.w.org\/{rel}","templated":true}]}}