{"id":29006,"date":"2018-06-23T13:34:53","date_gmt":"2018-06-23T16:34:53","guid":{"rendered":"https:\/\/www.actualidadadiario.com\/?p=29006"},"modified":"2018-11-06T19:43:21","modified_gmt":"2018-11-06T22:43:21","slug":"condenaron-por-pornografia-infantil-a-un-ex-diplomatico-del-vaticano","status":"publish","type":"post","link":"https:\/\/www.actualidadadiario.com\/index.php\/2018\/06\/23\/condenaron-por-pornografia-infantil-a-un-ex-diplomatico-del-vaticano\/","title":{"rendered":"Condenaron por pornograf\u00eda infantil a un ex diplom\u00e1tico del Vaticano"},"content":{"rendered":"<p><em><strong>El ex diplom\u00e1tico del Vaticano Carlo Alberto Capella fue declarado culpable de cargos de pornograf\u00eda infantil y condenado a cinco a\u00f1os de c\u00e1rcel, anunci\u00f3 la Santa Sede<\/strong><\/em><\/p>\n<p>&nbsp;<\/p>\n<p>&nbsp;<\/p>\n<p>&nbsp;<\/p>\n<p>&nbsp;<\/p>\n<p>Un tribunal penal del Vaticano mult\u00f3 adem\u00e1s al acusado con 5.000 euros (5.800 d\u00f3lares).<\/p>\n<p>&nbsp;<\/p>\n<p>El juicio contra Capella dur\u00f3 s\u00f3lo dos d\u00edas. Ya el viernes, el ex diplom\u00e1tico admiti\u00f3 &#8220;comportamiento inapropiado&#8221;.<\/p>\n<p>&nbsp;<\/p>\n<p>Capella, que trabajaba en la embajada del Vaticano en Estados Unidos hasta el a\u00f1o pasado, fue acusado de posesi\u00f3n y distribuci\u00f3n de pornograf\u00eda infantil en &#8220;cantidades considerables&#8221;.<\/p>\n<p>&nbsp;<\/p>\n<p>El Vaticano retir\u00f3 al italiano en septiembre de su puesto como colaborador de la embajada y rechaz\u00f3 que fuera procesado en suelo estadounidense.<\/p>\n<p>&nbsp;<\/p>\n<p>La Iglesia cat\u00f3lica lleva enfrentando acusaciones de ese tipo desde hace d\u00e9cadas. Muchos acusan a la Iglesia no s\u00f3lo de inacci\u00f3n frente a la pedofilia, sino tambi\u00e9n de encubrimiento de algunos casos.<\/p>\n","protected":false},"excerpt":{"rendered":"<p>El ex diplom\u00e1tico del Vaticano Carlo Alberto Capella fue declarado culpable de cargos de pornograf\u00eda infantil y condenado a cinco a\u00f1os de c\u00e1rcel, anunci\u00f3 la Santa Sede &nbsp; &nbsp; &nbsp; &nbsp; Un tribunal penal del Vaticano mult\u00f3 adem\u00e1s al acusado con 5.000 euros (5.800 d\u00f3lares). &nbsp; El juicio contra Capella dur\u00f3 s\u00f3lo dos d\u00edas. Ya el viernes, el ex diplom\u00e1tico admiti\u00f3 &#8220;comportamiento inapropiado&#8221;. &nbsp; Capella, que trabajaba en la embajada del Vaticano en Estados Unidos hasta el a\u00f1o pasado, fue acusado de posesi\u00f3n y distribuci\u00f3n de pornograf\u00eda infantil en &#8220;cantidades&#8230;<\/p>\n","protected":false},"author":3,"featured_media":29007,"comment_status":"closed","ping_status":"closed","sticky":false,"template":"","format":"standard","meta":[],"categories":[4],"tags":[],"_links":{"self":[{"href":"https:\/\/www.actualidadadiario.com\/index.php\/wp-json\/wp\/v2\/posts\/29006"}],"collection":[{"href":"https:\/\/www.actualidadadiario.com\/index.php\/wp-json\/wp\/v2\/posts"}],"about":[{"href":"https:\/\/www.actualidadadiario.com\/index.php\/wp-json\/wp\/v2\/types\/post"}],"author":[{"embeddable":true,"href":"https:\/\/www.actualidadadiario.com\/index.php\/wp-json\/wp\/v2\/users\/3"}],"replies":[{"embeddable":true,"href":"https:\/\/www.actualidadadiario.com\/index.php\/wp-json\/wp\/v2\/comments?post=29006"}],"version-history":[{"count":1,"href":"https:\/\/www.actualidadadiario.com\/index.php\/wp-json\/wp\/v2\/posts\/29006\/revisions"}],"predecessor-version":[{"id":29008,"href":"https:\/\/www.actualidadadiario.com\/index.php\/wp-json\/wp\/v2\/posts\/29006\/revisions\/29008"}],"wp:featuredmedia":[{"embeddable":true,"href":"https:\/\/www.actualidadadiario.com\/index.php\/wp-json\/wp\/v2\/media\/29007"}],"wp:attachment":[{"href":"https:\/\/www.actualidadadiario.com\/index.php\/wp-json\/wp\/v2\/media?parent=29006"}],"wp:term":[{"taxonomy":"category","embeddable":true,"href":"https:\/\/www.actualidadadiario.com\/index.php\/wp-json\/wp\/v2\/categories?post=29006"},{"taxonomy":"post_tag","embeddable":true,"href":"https:\/\/www.actualidadadiario.com\/index.php\/wp-json\/wp\/v2\/tags?post=29006"}],"curies":[{"name":"wp","href":"https:\/\/api.w.org\/{rel}","templated":true}]}}