{"id":29003,"date":"2018-06-23T13:33:53","date_gmt":"2018-06-23T16:33:53","guid":{"rendered":"https:\/\/www.actualidadadiario.com\/?p=29003"},"modified":"2018-11-06T19:43:21","modified_gmt":"2018-11-06T22:43:21","slug":"los-miembros-de-la-manada-quedaron-en-libertad","status":"publish","type":"post","link":"https:\/\/www.actualidadadiario.com\/index.php\/2018\/06\/23\/los-miembros-de-la-manada-quedaron-en-libertad\/","title":{"rendered":"Los miembros de La Manada quedaron en libertad"},"content":{"rendered":"<p><em><strong>Lo hicieron tras pagar una fianza. Hubo protestas en toda Espa\u00f1a ante la excarcelaci\u00f3n de los violadores<\/strong><\/em><\/p>\n<p>&nbsp;<\/p>\n<p>&nbsp;<\/p>\n<p>&nbsp;<\/p>\n<p>&nbsp;<\/p>\n<p>Los tres miembros de La Manada que estaban en la prisi\u00f3n de Pamplona y los dos que estaban en Alcal\u00e1-Meco abandonaron la c\u00e1rcel este viernes por la tarde despu\u00e9s de pagar la fianza.<\/p>\n<p>&nbsp;<\/p>\n<p>El Gobierno anunci\u00f3 que estudia defender a las v\u00edctimas de delitos contra la libertad sexual.<\/p>\n<p>&nbsp;<\/p>\n<p>Los cinco llevan casi dos a\u00f1os en prisi\u00f3n provisional y hab\u00edan sido condenados a nueve a\u00f1os de c\u00e1rcel por abusar sexualmente y en grupo de una joven en los Sanfermines de 2016.<\/p>\n<p>&nbsp;<\/p>\n<p>La condena por abuso sexual y no por violaci\u00f3n despert\u00f3 una ola de indignaci\u00f3n y numerosas protestas. &#8220;\u00a1Es criminal la justicia patriarcal!&#8221;, &#8220;\u00a1No es abuso, es violaci\u00f3n!&#8221; corearon los manifestantes congregados en la ciudad de Pamplona y en la plaza Sant Jaume de Barcelona, en las primeras protestas ciudadanas en repudio a la excarcelaci\u00f3n de los j\u00f3venes de La Manada.<\/p>\n<p>&nbsp;<\/p>\n<p>Los condenados Jos\u00e9 \u00c1ngel Prenda, \u00c1ngel Boza y Jes\u00fas Escudero -recluidos en la c\u00e1rcel de Pamplona-, y Antonio Manuel Guerrero y Alfonso Jes\u00fas Cabezuelo -en la madrile\u00f1a prisi\u00f3n de Alcal\u00e1 Meco-, deber\u00e1n comparecer tres veces por semana -lunes, mi\u00e9rcoles y viernes- en el juzgado m\u00e1s pr\u00f3ximo a su domicilio.<\/p>\n<p>&nbsp;<\/p>\n<p>Como no podr\u00e1n acercarse a la v\u00edctima, tienen vedado acudir a la Comunidad de Madrid, donde reside la joven, y tampoco podr\u00e1n abandonar el pa\u00eds, por lo que se les retira el pasaporte, de acuerdo con las medidas cautelares adoptadas.<\/p>\n<p>&nbsp;<\/p>\n<p>&nbsp;<\/p>\n<p>El movimiento feminista convirti\u00f3 el caso en un emblema para la lucha contra el machismo, despu\u00e9s de que durante el juicio parte de la prensa pusiera en duda la declaraci\u00f3n de la v\u00edctima.<\/p>\n<p>&nbsp;<\/p>\n<p>Ante la excarcelaci\u00f3n de los condenados, se convocaron concentraciones para repudiar &#8220;la justicia patriarcal&#8221;. En Madrid, la protesta ser\u00e1 ma\u00f1ana, frente al Ministerio de Justicia.<\/p>\n<p>&nbsp;<\/p>\n<p>Tambi\u00e9n se desencaden\u00f3 una catarata de reacciones pol\u00edticas, desde el gubernamental Partido Socialista (Psoe), pasando por Podemos, de la izquierda y Ciudadanos, de la centro derecha.<\/p>\n<p>&nbsp;<\/p>\n<p>&#8220;La libertad provisional de los miembros de La Manada es una mala noticia jur\u00eddica por la gravedad de los acontecimientos y la reincidencia de los agresores&#8221;, afirm\u00f3 el Psoe a trav\u00e9s de Twitter.<\/p>\n<p>&nbsp;<\/p>\n<p>&#8220;El sesgo machista de la justicia golpea de nuevo a las mujeres&#8221;, dijo Podemos y reclam\u00f3 &#8220;mayor celeridad en los procesos, mayor protecci\u00f3n a la v\u00edctima y juzgados especializados que asuman la violencia sexual para que no ocurran cosas como \u00e9sta&#8221;.<\/p>\n<p>&nbsp;<\/p>\n<p>Por su parte, la vocera de Ciudadanos en la comisi\u00f3n de Igualdad del Congreso, Patricia Reyes, afirm\u00f3 que es &#8220;indignante&#8221; que los condenados de La Manada salgan en libertad provisional dos a\u00f1os despu\u00e9s, aunque la sentencia no sea firme todav\u00eda.<\/p>\n<p>&nbsp;<\/p>\n<p>Con las etiquetas &#8220;Si #LaManada sale, nosotras ocupamos las calles; #YoTeCreo; y #LasCallesTambienSonNuestras&#8221;, las activistas feministas Teresa Lozano y Zua M\u00e9ndez, conocidas como Towanda Rebels, y por su campa\u00f1a en redes sociales en defensa de la v\u00edctima de La Manada, llamaron a las mujeres a protestar.<\/p>\n<p>&nbsp;<\/p>\n<p>Al llamado se unieron tambi\u00e9n las integrantes de la Plataforma 8M, que el d\u00eda de la mujer congreg\u00f3 a cientos de miles de personas en todas las ciudades de Espa\u00f1a.<\/p>\n<p>&nbsp;<\/p>\n<p>&#8220;Por justicia, por reparaci\u00f3n, por seguridad p\u00fablica, los violadores de La Manada no pueden estar en libertad. Cabe que el tribunal rectifique&#8221;, indic\u00f3 Barcelona En Com\u00fa, el partido de la alcaldesa de la capital catalana, Ada Colau, llamado a la manifestaci\u00f3n.<\/p>\n","protected":false},"excerpt":{"rendered":"<p>Lo hicieron tras pagar una fianza. Hubo protestas en toda Espa\u00f1a ante la excarcelaci\u00f3n de los violadores &nbsp; &nbsp; &nbsp; &nbsp; Los tres miembros de La Manada que estaban en la prisi\u00f3n de Pamplona y los dos que estaban en Alcal\u00e1-Meco abandonaron la c\u00e1rcel este viernes por la tarde despu\u00e9s de pagar la fianza. &nbsp; El Gobierno anunci\u00f3 que estudia defender a las v\u00edctimas de delitos contra la libertad sexual. &nbsp; Los cinco llevan casi dos a\u00f1os en prisi\u00f3n provisional y hab\u00edan sido condenados a nueve a\u00f1os de c\u00e1rcel por&#8230;<\/p>\n","protected":false},"author":3,"featured_media":29004,"comment_status":"closed","ping_status":"closed","sticky":false,"template":"","format":"standard","meta":[],"categories":[4],"tags":[],"_links":{"self":[{"href":"https:\/\/www.actualidadadiario.com\/index.php\/wp-json\/wp\/v2\/posts\/29003"}],"collection":[{"href":"https:\/\/www.actualidadadiario.com\/index.php\/wp-json\/wp\/v2\/posts"}],"about":[{"href":"https:\/\/www.actualidadadiario.com\/index.php\/wp-json\/wp\/v2\/types\/post"}],"author":[{"embeddable":true,"href":"https:\/\/www.actualidadadiario.com\/index.php\/wp-json\/wp\/v2\/users\/3"}],"replies":[{"embeddable":true,"href":"https:\/\/www.actualidadadiario.com\/index.php\/wp-json\/wp\/v2\/comments?post=29003"}],"version-history":[{"count":1,"href":"https:\/\/www.actualidadadiario.com\/index.php\/wp-json\/wp\/v2\/posts\/29003\/revisions"}],"predecessor-version":[{"id":29005,"href":"https:\/\/www.actualidadadiario.com\/index.php\/wp-json\/wp\/v2\/posts\/29003\/revisions\/29005"}],"wp:featuredmedia":[{"embeddable":true,"href":"https:\/\/www.actualidadadiario.com\/index.php\/wp-json\/wp\/v2\/media\/29004"}],"wp:attachment":[{"href":"https:\/\/www.actualidadadiario.com\/index.php\/wp-json\/wp\/v2\/media?parent=29003"}],"wp:term":[{"taxonomy":"category","embeddable":true,"href":"https:\/\/www.actualidadadiario.com\/index.php\/wp-json\/wp\/v2\/categories?post=29003"},{"taxonomy":"post_tag","embeddable":true,"href":"https:\/\/www.actualidadadiario.com\/index.php\/wp-json\/wp\/v2\/tags?post=29003"}],"curies":[{"name":"wp","href":"https:\/\/api.w.org\/{rel}","templated":true}]}}