{"id":2900,"date":"2016-10-19T09:28:56","date_gmt":"2016-10-19T12:28:56","guid":{"rendered":"http:\/\/actualidadadiario.com\/site\/?p=2900"},"modified":"2016-10-19T09:28:56","modified_gmt":"2016-10-19T12:28:56","slug":"bordet-se-reunio-con-el-consejo-de-ciencias-economicas-de-entre-rios","status":"publish","type":"post","link":"https:\/\/www.actualidadadiario.com\/index.php\/2016\/10\/19\/bordet-se-reunio-con-el-consejo-de-ciencias-economicas-de-entre-rios\/","title":{"rendered":"Bordet se reuni\u00f3 con el Consejo de Ciencias Econ\u00f3micas de Entre R\u00edos"},"content":{"rendered":"<p><em><strong>El gobernador Gustavo Bordet recibi\u00f3 este lunes a miembros de la mesa directiva del Consejo de Ciencias Econ\u00f3micas de Entre R\u00edos quienes le presentaron algunos aportes para optimizar cuestiones vinculadas a la actividad y en beneficio de los profesionales matriculados<\/strong><\/em><\/p>\n<p>&nbsp;<\/p>\n<p>&nbsp;<\/p>\n<p>&nbsp;<\/p>\n<p>&nbsp;<\/p>\n<p>&nbsp;<\/p>\n<p>El presidente del Consejo de Ciencias Econ\u00f3micas de Entre R\u00edos, Miguel Escales, coment\u00f3 luego del encuentro que \u201cvinimos a presentarnos, le dejamos algunos escritos o aportes para mejorar algunas cuestiones vinculadas a la actividad\u201d. En este sentido, mencion\u00f3 el proyecto de ley de adhesi\u00f3n al blanqueo nacional sobre el cual \u201cquisimos acercarle nuestro punto de vista. Desde nuestro lugar queremos realizar sugerencias y, en este caso, tratamos que el asesor profesional tenga la mayor seguridad jur\u00eddica\u201d.<\/p>\n<p>Mencion\u00f3 que con ATER ya vienen trabajando en una mesa de enlace donde la intenci\u00f3n es realizar beneficios para la matr\u00edcula.<\/p>\n<p>Respecto a la situaci\u00f3n econ\u00f3mica actual, Escales dijo que \u201cestamos atravesando un proceso de reacomodamiento de la econom\u00eda, tanto a nivel nacional como provincial y nosotros estamos para acompa\u00f1ar. Justamente ahora se est\u00e1 debatiendo el presupuesto 2017 y no creemos que haya en este momento mayores impuestos sino que debe darse una actualizaci\u00f3n de valores que es lo justo y razonable\u201d.<\/p>\n<p>Luego, el presidente del Consejo dijo que \u201cel gobernador es un colega matriculado, con bloque de matr\u00edcula, al igual que el ministro de Econom\u00eda. Hemos tenido de su parte la mayor receptividad y coincidimos en continuar esta etapa de di\u00e1logo\u201d.<\/p>\n<p>En la oportunidad, invitaron a Bordet a participar de los eventos deportivos nacionales, que este a\u00f1o se realizar\u00e1n del 23 al 25 de noviembre en Gualeguaych\u00fa y que contar\u00e1 con la presencia de 1.800 matriculados de todo el pa\u00eds que competir\u00e1n en todas las disciplinas deportivas.<\/p>\n","protected":false},"excerpt":{"rendered":"<p>El gobernador Gustavo Bordet recibi\u00f3 este lunes a miembros de la mesa directiva del Consejo de Ciencias Econ\u00f3micas de Entre R\u00edos quienes le presentaron algunos aportes para optimizar cuestiones vinculadas a la actividad y en beneficio de los profesionales matriculados &nbsp; &nbsp; &nbsp; &nbsp; &nbsp; El presidente del Consejo de Ciencias Econ\u00f3micas de Entre R\u00edos, Miguel Escales, coment\u00f3 luego del encuentro que \u201cvinimos a presentarnos, le dejamos algunos escritos o aportes para mejorar algunas cuestiones vinculadas a la actividad\u201d. En este sentido, mencion\u00f3 el proyecto de ley de adhesi\u00f3n al&#8230;<\/p>\n","protected":false},"author":3,"featured_media":2901,"comment_status":"closed","ping_status":"closed","sticky":false,"template":"","format":"standard","meta":[],"categories":[15],"tags":[],"_links":{"self":[{"href":"https:\/\/www.actualidadadiario.com\/index.php\/wp-json\/wp\/v2\/posts\/2900"}],"collection":[{"href":"https:\/\/www.actualidadadiario.com\/index.php\/wp-json\/wp\/v2\/posts"}],"about":[{"href":"https:\/\/www.actualidadadiario.com\/index.php\/wp-json\/wp\/v2\/types\/post"}],"author":[{"embeddable":true,"href":"https:\/\/www.actualidadadiario.com\/index.php\/wp-json\/wp\/v2\/users\/3"}],"replies":[{"embeddable":true,"href":"https:\/\/www.actualidadadiario.com\/index.php\/wp-json\/wp\/v2\/comments?post=2900"}],"version-history":[{"count":1,"href":"https:\/\/www.actualidadadiario.com\/index.php\/wp-json\/wp\/v2\/posts\/2900\/revisions"}],"predecessor-version":[{"id":2902,"href":"https:\/\/www.actualidadadiario.com\/index.php\/wp-json\/wp\/v2\/posts\/2900\/revisions\/2902"}],"wp:featuredmedia":[{"embeddable":true,"href":"https:\/\/www.actualidadadiario.com\/index.php\/wp-json\/wp\/v2\/media\/2901"}],"wp:attachment":[{"href":"https:\/\/www.actualidadadiario.com\/index.php\/wp-json\/wp\/v2\/media?parent=2900"}],"wp:term":[{"taxonomy":"category","embeddable":true,"href":"https:\/\/www.actualidadadiario.com\/index.php\/wp-json\/wp\/v2\/categories?post=2900"},{"taxonomy":"post_tag","embeddable":true,"href":"https:\/\/www.actualidadadiario.com\/index.php\/wp-json\/wp\/v2\/tags?post=2900"}],"curies":[{"name":"wp","href":"https:\/\/api.w.org\/{rel}","templated":true}]}}