{"id":28994,"date":"2018-06-23T13:29:41","date_gmt":"2018-06-23T16:29:41","guid":{"rendered":"https:\/\/www.actualidadadiario.com\/?p=28994"},"modified":"2018-11-06T19:43:21","modified_gmt":"2018-11-06T22:43:21","slug":"macri-recibio-a-la-referente-de-la-ley-del-aborto-en-diputados-y-desautorizo-a-michetti","status":"publish","type":"post","link":"https:\/\/www.actualidadadiario.com\/index.php\/2018\/06\/23\/macri-recibio-a-la-referente-de-la-ley-del-aborto-en-diputados-y-desautorizo-a-michetti\/","title":{"rendered":"Macri recibi\u00f3 a la referente de la ley del aborto en Diputados y desautoriz\u00f3 a Michetti"},"content":{"rendered":"<p><em><strong>Se reuni\u00f3 con Silvia Lospennato en Olivos mientras a la vicepresidenta la acusan de dilatar el debate<\/strong><\/em><\/p>\n<p>&nbsp;<\/p>\n<p>&nbsp;<\/p>\n<p>&nbsp;<\/p>\n<p>&nbsp;<\/p>\n<p>Mauricio Macri recibi\u00f3 ayer en la Quinta de Olivos a la diputada del PRO Silvia Lospennato, una de las principales impulsoras del aborto legal, un gesto a favor del proyecto en medio de la pelea de Miguel Pichetto con Gabriela Michetti por supuestas maniobras para no tratarlo en el Senado.<\/p>\n<p>&nbsp;<\/p>\n<p>Lospennato pas\u00f3 a la fama por su discurso minutos antes de la aprobarse la ley y el presidente la felicit\u00f3 y escuch\u00f3 su reclamo para sancionar la ley r\u00e1pido. &#8220;En un par de semanas el Senado deber\u00eda tomar una decisi\u00f3n. Ya tienen las 740 exposiciones que se hicieron en Diputados con videos y versiones taquigr\u00e1ficas. Conf\u00edo en la vicepresidenta&#8221;, resumi\u00f3 la diputada macrista al salir de Olivos.<\/p>\n<p>&nbsp;<\/p>\n<p>&#8220;No hay que bajar los brazos. No paramos y vamos a seguir trabajando para que el Senado consagre la ley. No queremos que haya dilaciones&#8221;, insisti\u00f3.<\/p>\n<p>&nbsp;<\/p>\n<p>El encuentro fue bien recibido en la Campa\u00f1a por el aborto legal y gratuito, que le reprochan a la vicepresidenta haber girado a cuatro comisiones el proyecto y negarse a definir fecha de tratamiento en el recinto.<\/p>\n<p>&nbsp;<\/p>\n<p>&#8220;Me llama la atenci\u00f3n los giros a Asuntos Constitucionales y Presupuesto, porque no se afecta materia constitucional ni se realizan asignaciones espec\u00edficas&#8221;, aliment\u00f3 las sospechas Lospennato, en Olivos.<\/p>\n<p>&nbsp;<\/p>\n<p>Pichetto, el radical Luis Naidenoff y el kirchnerista Marcelo Fuentes, los principales jefes de bloque del Senado, buscaban sesionar antes del receso invernal pero Michetti y los senadores que se oponen a la ley (un grupo dominado por Federico Pinedo, Esteban Bullrich y la radical Silvia El\u00edas de P\u00e9rez) prefieren un debate m\u00e1s largo, al menos hasta agosto.<\/p>\n<p>&nbsp;<\/p>\n<p>Y en julio quieren seducir a senadores indecisos con una contra propuesta: modificar el texto aprobado en Diputados por otro que elimine la pena de prisi\u00f3n a las mujeres que aborten. Pero sostenga la condena a los m\u00e9dicos.<\/p>\n<p>&nbsp;<\/p>\n<p>Fuentes impugn\u00f3 el jueves los giros de Michetti y Pichetto se sum\u00f3 esta tarde, pero no imaginan ser escuchados. &#8220;No hay dilaci\u00f3n posible porque las cuatro comisiones trabajar\u00e1n juntas en plenario&#8221;, se defendi\u00f3 la vice.<\/p>\n<p>&nbsp;<\/p>\n<p>Sin embargo, el primer plenario tampoco tiene fecha porque el senador radical Mario Fiad, que preside la comisi\u00f3n de Salud, todav\u00eda no la convoc\u00f3. &#8220;Pinedo miente para defender el aborto clandestino. Michetti obstaculiza el tratamiento&#8221;, dispar\u00f3 la diputada de izquierda Romina del Pl\u00e1 y la presi\u00f3n seguir\u00e1.<\/p>\n<p>&nbsp;<\/p>\n<p>En la semana las militantes verdes, entre ellas Lospennato, se mostrar\u00edan con senadores a favor de la ley para exigir que se apuren los tiempos. Como explic\u00f3 LPO, ya cuentan un piso de 30 votos y creen que pueden llegar a los 37 de la mayor\u00eda con aliados que prefieren no hablar hasta el d\u00eda de la sesi\u00f3n.<\/p>\n<p>&nbsp;<\/p>\n<p>Otra voz fuerte en contra en el Senado es la salte\u00f1a Mar\u00eda Cristina Fiore, que rechaz\u00f3 un posible acuerdo en la reuni\u00f3n de labor parlamentaria que ponga d\u00eda y hora al debate del aborto. Podr\u00eda ocurrir antes de la sesi\u00f3n de este mi\u00e9rcoles, preparada para la visita de Marcos Pe\u00f1a.<\/p>\n<p>&nbsp;<\/p>\n<p>&#8220;Es equivocado y soberbio pensar que los presidentes de bloque en el Senado representamos la voluntad de cada uno de los miembros al momento de discutir un tema tan dividido y transversal&#8221;, se quej\u00f3 la aliada de Juan Manuel Urtubey.<\/p>\n<p>&nbsp;<\/p>\n<p>Unidad Pro Vida, un conjunto de ONGs y organizaciones eclesi\u00e1sticas que militan d\u00eda y noche contra el aborto, defendi\u00f3 a Michetti. &#8220;Pichetto es irresponsable y autoritario. Intenta evadir la necesidad de un an\u00e1lisis profundo y federal. Cualquier intento de un tratamiento expr\u00e9s no est\u00e1 a la altura de las obligaciones y deberes del Senado&#8221;, se\u00f1alaron en un comunicado.<\/p>\n<p>&nbsp;<\/p>\n<p>Como en Diputados, en el Senado el PRO es la fuerza con menos apoyo al aborto legal: s\u00f3lo uno de los nueve, Humberto Schiavoni. Los cordobeses Laura Rodr\u00edguez Machado y Ernesto Mart\u00ednez se declaran indecisos pero en la Campa\u00f1a los creen m\u00e1s cerca del S\u00ed.<\/p>\n<p>&nbsp;<\/p>\n<p>La visita la Lospennato fue tambi\u00e9n una desautorizaci\u00f3n a Elisa Carri\u00f3, que denunci\u00f3 &#8220;maniobras de madrugada&#8221; para aprobar la ley en Diputados y fue castigada por sus pares. La esperan para la pr\u00f3xima reuni\u00f3n de bloque.<\/p>\n","protected":false},"excerpt":{"rendered":"<p>Se reuni\u00f3 con Silvia Lospennato en Olivos mientras a la vicepresidenta la acusan de dilatar el debate &nbsp; &nbsp; &nbsp; &nbsp; Mauricio Macri recibi\u00f3 ayer en la Quinta de Olivos a la diputada del PRO Silvia Lospennato, una de las principales impulsoras del aborto legal, un gesto a favor del proyecto en medio de la pelea de Miguel Pichetto con Gabriela Michetti por supuestas maniobras para no tratarlo en el Senado. &nbsp; Lospennato pas\u00f3 a la fama por su discurso minutos antes de la aprobarse la ley y el presidente&#8230;<\/p>\n","protected":false},"author":3,"featured_media":28995,"comment_status":"closed","ping_status":"closed","sticky":false,"template":"","format":"standard","meta":[],"categories":[18],"tags":[],"_links":{"self":[{"href":"https:\/\/www.actualidadadiario.com\/index.php\/wp-json\/wp\/v2\/posts\/28994"}],"collection":[{"href":"https:\/\/www.actualidadadiario.com\/index.php\/wp-json\/wp\/v2\/posts"}],"about":[{"href":"https:\/\/www.actualidadadiario.com\/index.php\/wp-json\/wp\/v2\/types\/post"}],"author":[{"embeddable":true,"href":"https:\/\/www.actualidadadiario.com\/index.php\/wp-json\/wp\/v2\/users\/3"}],"replies":[{"embeddable":true,"href":"https:\/\/www.actualidadadiario.com\/index.php\/wp-json\/wp\/v2\/comments?post=28994"}],"version-history":[{"count":1,"href":"https:\/\/www.actualidadadiario.com\/index.php\/wp-json\/wp\/v2\/posts\/28994\/revisions"}],"predecessor-version":[{"id":28996,"href":"https:\/\/www.actualidadadiario.com\/index.php\/wp-json\/wp\/v2\/posts\/28994\/revisions\/28996"}],"wp:featuredmedia":[{"embeddable":true,"href":"https:\/\/www.actualidadadiario.com\/index.php\/wp-json\/wp\/v2\/media\/28995"}],"wp:attachment":[{"href":"https:\/\/www.actualidadadiario.com\/index.php\/wp-json\/wp\/v2\/media?parent=28994"}],"wp:term":[{"taxonomy":"category","embeddable":true,"href":"https:\/\/www.actualidadadiario.com\/index.php\/wp-json\/wp\/v2\/categories?post=28994"},{"taxonomy":"post_tag","embeddable":true,"href":"https:\/\/www.actualidadadiario.com\/index.php\/wp-json\/wp\/v2\/tags?post=28994"}],"curies":[{"name":"wp","href":"https:\/\/api.w.org\/{rel}","templated":true}]}}