{"id":28989,"date":"2018-06-23T13:27:51","date_gmt":"2018-06-23T16:27:51","guid":{"rendered":"https:\/\/www.actualidadadiario.com\/?p=28989"},"modified":"2018-11-06T19:43:21","modified_gmt":"2018-11-06T22:43:21","slug":"el-paro-no-sirve-para-nada-considero-el-ministro-jorge-triaca","status":"publish","type":"post","link":"https:\/\/www.actualidadadiario.com\/index.php\/2018\/06\/23\/el-paro-no-sirve-para-nada-considero-el-ministro-jorge-triaca\/","title":{"rendered":"El paro &#8220;no sirve para nada&#8221;, consider\u00f3 el ministro Jorge Triaca"},"content":{"rendered":"<p><em><strong>El titular de la cartera de Trabajo dijo que la huelga general convocada por la CGT para el pr\u00f3ximo lunes &#8220;no arregla los problemas de los argentinos&#8221;. Tambi\u00e9n cuestion\u00f3 a la central obrera: &#8220;Cada uno toca una sinfon\u00eda distinta&#8221;<\/strong><\/em><\/p>\n<p>&nbsp;<\/p>\n<p>&nbsp;<\/p>\n<p>&nbsp;<\/p>\n<p>&nbsp;<\/p>\n<p>El ministro de Trabajo, Jorge Triaca, afirm\u00f3 que el paro general por 24 horas convocado por la CGT para el lunes pr\u00f3ximo &#8220;no sirve para nada porque no arregla los problemas de los argentinos&#8221;.<\/p>\n<p>&nbsp;<\/p>\n<p>Triaca asegur\u00f3 que el Gobierno nacional est\u00e1 dispuesto al di\u00e1logo con la central sindical &#8220;el mismo d\u00eda, al d\u00eda siguiente, ma\u00f1ana mismo&#8221; para acordar &#8220;c\u00f3mo resolvemos los problemas&#8221;.<\/p>\n<p>&nbsp;<\/p>\n<p>De todos modos, cuestion\u00f3 a la CGT, al se\u00f1alar que &#8220;cada uno toca una sinfon\u00eda distinta&#8221;. En declaraciones al canal TN, se quej\u00f3 de que mientras &#8220;hay una dirigencia que est\u00e1 dispuesta a acompa\u00f1ar&#8221;, otros dirigentes sindicales &#8220;miran el espejo retrovisor, defienden el estatus quo o situaciones personales&#8221;.<\/p>\n<p>&nbsp;<\/p>\n<p>&#8220;Entendemos que tiene que haber una dirigencia m\u00e1s madura, que est\u00e9 dispuesta a dar el debate, por ejemplo como hacemos para formar mejor a nuestros trabajadores: hay un desaf\u00edo ante los cambios tecnol\u00f3gicos que no est\u00e1 siendo abordado por muchos sectores sindicales que tienen que entender que si no les brindamos herramientas de capacitaci\u00f3n van a encontrarse con situaciones de dificultad en el empleo&#8221;, agreg\u00f3 Triaca.<\/p>\n","protected":false},"excerpt":{"rendered":"<p>El titular de la cartera de Trabajo dijo que la huelga general convocada por la CGT para el pr\u00f3ximo lunes &#8220;no arregla los problemas de los argentinos&#8221;. Tambi\u00e9n cuestion\u00f3 a la central obrera: &#8220;Cada uno toca una sinfon\u00eda distinta&#8221; &nbsp; &nbsp; &nbsp; &nbsp; El ministro de Trabajo, Jorge Triaca, afirm\u00f3 que el paro general por 24 horas convocado por la CGT para el lunes pr\u00f3ximo &#8220;no sirve para nada porque no arregla los problemas de los argentinos&#8221;. &nbsp; Triaca asegur\u00f3 que el Gobierno nacional est\u00e1 dispuesto al di\u00e1logo con la&#8230;<\/p>\n","protected":false},"author":3,"featured_media":28569,"comment_status":"closed","ping_status":"closed","sticky":false,"template":"","format":"standard","meta":[],"categories":[18],"tags":[],"_links":{"self":[{"href":"https:\/\/www.actualidadadiario.com\/index.php\/wp-json\/wp\/v2\/posts\/28989"}],"collection":[{"href":"https:\/\/www.actualidadadiario.com\/index.php\/wp-json\/wp\/v2\/posts"}],"about":[{"href":"https:\/\/www.actualidadadiario.com\/index.php\/wp-json\/wp\/v2\/types\/post"}],"author":[{"embeddable":true,"href":"https:\/\/www.actualidadadiario.com\/index.php\/wp-json\/wp\/v2\/users\/3"}],"replies":[{"embeddable":true,"href":"https:\/\/www.actualidadadiario.com\/index.php\/wp-json\/wp\/v2\/comments?post=28989"}],"version-history":[{"count":1,"href":"https:\/\/www.actualidadadiario.com\/index.php\/wp-json\/wp\/v2\/posts\/28989\/revisions"}],"predecessor-version":[{"id":28990,"href":"https:\/\/www.actualidadadiario.com\/index.php\/wp-json\/wp\/v2\/posts\/28989\/revisions\/28990"}],"wp:featuredmedia":[{"embeddable":true,"href":"https:\/\/www.actualidadadiario.com\/index.php\/wp-json\/wp\/v2\/media\/28569"}],"wp:attachment":[{"href":"https:\/\/www.actualidadadiario.com\/index.php\/wp-json\/wp\/v2\/media?parent=28989"}],"wp:term":[{"taxonomy":"category","embeddable":true,"href":"https:\/\/www.actualidadadiario.com\/index.php\/wp-json\/wp\/v2\/categories?post=28989"},{"taxonomy":"post_tag","embeddable":true,"href":"https:\/\/www.actualidadadiario.com\/index.php\/wp-json\/wp\/v2\/tags?post=28989"}],"curies":[{"name":"wp","href":"https:\/\/api.w.org\/{rel}","templated":true}]}}