{"id":28986,"date":"2018-06-23T13:26:36","date_gmt":"2018-06-23T16:26:36","guid":{"rendered":"https:\/\/www.actualidadadiario.com\/?p=28986"},"modified":"2018-11-06T19:43:21","modified_gmt":"2018-11-06T22:43:21","slug":"pablo-moyano-hablo-sobre-el-paro-que-los-dirigentes-se-pongan-el-mameluco-y-salgan-a-la-calle","status":"publish","type":"post","link":"https:\/\/www.actualidadadiario.com\/index.php\/2018\/06\/23\/pablo-moyano-hablo-sobre-el-paro-que-los-dirigentes-se-pongan-el-mameluco-y-salgan-a-la-calle\/","title":{"rendered":"Pablo Moyano habl\u00f3 sobre el paro: &#8220;Que los dirigentes se pongan el mameluco y salgan a la calle&#8221;"},"content":{"rendered":"<p><em><strong>El lunes 25 de junio habr\u00e1 un paro total promovido por la CGT y respaldado por otros gremios como Camioneros<\/strong><\/em><\/p>\n<p>&nbsp;<\/p>\n<p>&nbsp;<\/p>\n<p>&nbsp;<\/p>\n<p>&nbsp;<\/p>\n<p>El secretario de Camioneros, Pablo Moyano, afirm\u00f3 que los dirigentes sindicales deben &#8220;ponerse el mameluco&#8221; y salir &#8220;a la calle&#8221;. Adem\u00e1s, anticip\u00f3 que lo del lunes ser\u00e1 un &#8220;paro total&#8221;. Explic\u00f3 que el 25% de aumento que su sindicato firm\u00f3 con los empresarios de su sector &#8220;ha despertado a los muchachos&#8221;.<\/p>\n<p>&nbsp;<\/p>\n<p>&#8220;Es hora de que todos los dirigentes se pongan el mameluco y salgan a la calle&#8221;, dijo Moyano en di\u00e1logo con Radio Cooperativa, y agreg\u00f3: &#8220;Va a ser total por los reclamos que viene llevando adelante la CGT&#8221;.<\/p>\n<p>&nbsp;<\/p>\n<p>Pidi\u00f3 que &#8220;haya una continuidad&#8221; de la medida de fuerza: plante\u00f3 &#8220;que no se agote el lunes a la noche porque este modelo va a seguir queriendo venir por los convenios colectivos de trabajo, la reforma laboral, con un ajuste brutal despu\u00e9s del acuerdo con el Fondo&#8221;.<\/p>\n<p>&nbsp;<\/p>\n<p>Seg\u00fan consider\u00f3 Pablo Moyano, &#8220;el acuerdo que firm\u00f3 camioneros despert\u00f3 a los muchachos (haciendo referencia al resto de los sindicalistas)&#8221;, porque &#8220;hoy est\u00e1n todos pidiendo la reapertura de la paritaria&#8221;.<\/p>\n<p>&nbsp;<\/p>\n<p>&#8220;Queremos una CGT participativa, combativa y que el Gobierno te respete. No como ocurri\u00f3, que hubo un &#8216;ninguneo&#8217; b\u00e1rbaro. Convoc\u00f3 a gobernadores, a senadores, a diputados, a empresarios y no a la CGT para discutir estas pol\u00edticas&#8221;, critic\u00f3 Pablo Moyano.<\/p>\n","protected":false},"excerpt":{"rendered":"<p>El lunes 25 de junio habr\u00e1 un paro total promovido por la CGT y respaldado por otros gremios como Camioneros &nbsp; &nbsp; &nbsp; &nbsp; El secretario de Camioneros, Pablo Moyano, afirm\u00f3 que los dirigentes sindicales deben &#8220;ponerse el mameluco&#8221; y salir &#8220;a la calle&#8221;. Adem\u00e1s, anticip\u00f3 que lo del lunes ser\u00e1 un &#8220;paro total&#8221;. Explic\u00f3 que el 25% de aumento que su sindicato firm\u00f3 con los empresarios de su sector &#8220;ha despertado a los muchachos&#8221;. &nbsp; &#8220;Es hora de que todos los dirigentes se pongan el mameluco y salgan a&#8230;<\/p>\n","protected":false},"author":3,"featured_media":28987,"comment_status":"closed","ping_status":"closed","sticky":false,"template":"","format":"standard","meta":[],"categories":[18],"tags":[],"_links":{"self":[{"href":"https:\/\/www.actualidadadiario.com\/index.php\/wp-json\/wp\/v2\/posts\/28986"}],"collection":[{"href":"https:\/\/www.actualidadadiario.com\/index.php\/wp-json\/wp\/v2\/posts"}],"about":[{"href":"https:\/\/www.actualidadadiario.com\/index.php\/wp-json\/wp\/v2\/types\/post"}],"author":[{"embeddable":true,"href":"https:\/\/www.actualidadadiario.com\/index.php\/wp-json\/wp\/v2\/users\/3"}],"replies":[{"embeddable":true,"href":"https:\/\/www.actualidadadiario.com\/index.php\/wp-json\/wp\/v2\/comments?post=28986"}],"version-history":[{"count":1,"href":"https:\/\/www.actualidadadiario.com\/index.php\/wp-json\/wp\/v2\/posts\/28986\/revisions"}],"predecessor-version":[{"id":28988,"href":"https:\/\/www.actualidadadiario.com\/index.php\/wp-json\/wp\/v2\/posts\/28986\/revisions\/28988"}],"wp:featuredmedia":[{"embeddable":true,"href":"https:\/\/www.actualidadadiario.com\/index.php\/wp-json\/wp\/v2\/media\/28987"}],"wp:attachment":[{"href":"https:\/\/www.actualidadadiario.com\/index.php\/wp-json\/wp\/v2\/media?parent=28986"}],"wp:term":[{"taxonomy":"category","embeddable":true,"href":"https:\/\/www.actualidadadiario.com\/index.php\/wp-json\/wp\/v2\/categories?post=28986"},{"taxonomy":"post_tag","embeddable":true,"href":"https:\/\/www.actualidadadiario.com\/index.php\/wp-json\/wp\/v2\/tags?post=28986"}],"curies":[{"name":"wp","href":"https:\/\/api.w.org\/{rel}","templated":true}]}}