{"id":28983,"date":"2018-06-23T13:25:52","date_gmt":"2018-06-23T16:25:52","guid":{"rendered":"https:\/\/www.actualidadadiario.com\/?p=28983"},"modified":"2018-11-06T19:43:21","modified_gmt":"2018-11-06T22:43:21","slug":"confederaciones-rurales-argentinas-dijeron-que-no-aceptaran-ningun-tipo-de-variacion-en-retenciones","status":"publish","type":"post","link":"https:\/\/www.actualidadadiario.com\/index.php\/2018\/06\/23\/confederaciones-rurales-argentinas-dijeron-que-no-aceptaran-ningun-tipo-de-variacion-en-retenciones\/","title":{"rendered":"Confederaciones Rurales Argentinas dijeron que no aceptar\u00e1n &#8220;ning\u00fan tipo de variaci\u00f3n&#8221; en retenciones"},"content":{"rendered":"<p><em><strong>El presidente de Confederaciones Rurales Argentinas (CRA), Dardo Chiesa, rechaz\u00f3 hoy un posible freno a la baja de retenciones al sostener que el sector no admite &#8220;ning\u00fan tipo de variaci\u00f3n&#8221; del esquema actual, por lo cual pidi\u00f3 que &#8220;el esfuerzo sea parejo&#8221;<\/strong><\/em><\/p>\n<p>&nbsp;<\/p>\n<p>&nbsp;<\/p>\n<p>&nbsp;<\/p>\n<p>&nbsp;<\/p>\n<p>En el cierre de semana, los integrantes de la Mesa de Enlace de entidades agropecuarias debatieron la posici\u00f3n a adoptar ante la amenaza de que el Gobierno reimplante retenciones sobre el trigo y el ma\u00edz, y se detenga la baja de los derechos de exportaci\u00f3n en la soja.<\/p>\n<p>&nbsp;<\/p>\n<p>En ese escenario, Chiesa se\u00f1al\u00f3: &#8220;El rumor est\u00e1 dando vueltas. No sabemos si es una filtraci\u00f3n. Ello nos oblig\u00f3 a salir con un comunicado de prensa porque tenemos m\u00e1s de 300 sociedades rurales que est\u00e1n muy sensibles con este tema&#8221;.<\/p>\n<p>&nbsp;<\/p>\n<p>&#8220;El tema se volvi\u00f3 a tratar en la Mesa de Enlace. Hubo un rechazo total con muchos argumentos muy s\u00f3lidos&#8221;, resalt\u00f3 en declaraciones a radio Continental.<\/p>\n<p>&nbsp;<\/p>\n<p>En ese sentido, apunt\u00f3: &#8220;No admitimos ning\u00fan tipo de variaci\u00f3n de lo que est\u00e1 pactado&#8221;.\u00a0 &#8220;Hay que respetar al productor en su proceso de inversi\u00f3n. Las dos campa\u00f1as van a ser exitosas y se esperan cosechas r\u00e9cord&#8221;, destac\u00f3.<\/p>\n<p>&nbsp;<\/p>\n<p>De ese modo, insisti\u00f3: &#8220;No est\u00e1 para nada f\u00e1cil la financiaci\u00f3n de la campa\u00f1a y va a caer sobre las espaldas del productor&#8221; y a\u00f1adi\u00f3 que &#8220;el Gobierno lo peor que podr\u00eda hacer para frenar esa actitud proactiva, poner palos en la rueda y dar una se\u00f1al p\u00e9sima al sector es cambiar esto&#8221;.<\/p>\n<p>&nbsp;<\/p>\n<p>Puntualiz\u00f3 que &#8220;la Mesa de Enlace volvi\u00f3 a reclamar una audiencia con el presidente Mauricio Macri&#8221;, aunque indic\u00f3 que hasta el momento no tuvieron una respuesta respecto del pedido.<\/p>\n<p>&nbsp;<\/p>\n<p>Seg\u00fan su consideraci\u00f3n, &#8220;el productor agropecuario no puede aportar m\u00e1s&#8221;.<\/p>\n","protected":false},"excerpt":{"rendered":"<p>El presidente de Confederaciones Rurales Argentinas (CRA), Dardo Chiesa, rechaz\u00f3 hoy un posible freno a la baja de retenciones al sostener que el sector no admite &#8220;ning\u00fan tipo de variaci\u00f3n&#8221; del esquema actual, por lo cual pidi\u00f3 que &#8220;el esfuerzo sea parejo&#8221; &nbsp; &nbsp; &nbsp; &nbsp; En el cierre de semana, los integrantes de la Mesa de Enlace de entidades agropecuarias debatieron la posici\u00f3n a adoptar ante la amenaza de que el Gobierno reimplante retenciones sobre el trigo y el ma\u00edz, y se detenga la baja de los derechos de&#8230;<\/p>\n","protected":false},"author":3,"featured_media":28984,"comment_status":"closed","ping_status":"closed","sticky":false,"template":"","format":"standard","meta":[],"categories":[2],"tags":[],"_links":{"self":[{"href":"https:\/\/www.actualidadadiario.com\/index.php\/wp-json\/wp\/v2\/posts\/28983"}],"collection":[{"href":"https:\/\/www.actualidadadiario.com\/index.php\/wp-json\/wp\/v2\/posts"}],"about":[{"href":"https:\/\/www.actualidadadiario.com\/index.php\/wp-json\/wp\/v2\/types\/post"}],"author":[{"embeddable":true,"href":"https:\/\/www.actualidadadiario.com\/index.php\/wp-json\/wp\/v2\/users\/3"}],"replies":[{"embeddable":true,"href":"https:\/\/www.actualidadadiario.com\/index.php\/wp-json\/wp\/v2\/comments?post=28983"}],"version-history":[{"count":1,"href":"https:\/\/www.actualidadadiario.com\/index.php\/wp-json\/wp\/v2\/posts\/28983\/revisions"}],"predecessor-version":[{"id":28985,"href":"https:\/\/www.actualidadadiario.com\/index.php\/wp-json\/wp\/v2\/posts\/28983\/revisions\/28985"}],"wp:featuredmedia":[{"embeddable":true,"href":"https:\/\/www.actualidadadiario.com\/index.php\/wp-json\/wp\/v2\/media\/28984"}],"wp:attachment":[{"href":"https:\/\/www.actualidadadiario.com\/index.php\/wp-json\/wp\/v2\/media?parent=28983"}],"wp:term":[{"taxonomy":"category","embeddable":true,"href":"https:\/\/www.actualidadadiario.com\/index.php\/wp-json\/wp\/v2\/categories?post=28983"},{"taxonomy":"post_tag","embeddable":true,"href":"https:\/\/www.actualidadadiario.com\/index.php\/wp-json\/wp\/v2\/tags?post=28983"}],"curies":[{"name":"wp","href":"https:\/\/api.w.org\/{rel}","templated":true}]}}