{"id":28965,"date":"2018-06-23T13:21:11","date_gmt":"2018-06-23T16:21:11","guid":{"rendered":"https:\/\/www.actualidadadiario.com\/?p=28965"},"modified":"2018-11-06T19:43:26","modified_gmt":"2018-11-06T22:43:26","slug":"empresas-y-comercios-entrerrianos-tambien-se-adhieren-al-persianazo-del-lunes","status":"publish","type":"post","link":"https:\/\/www.actualidadadiario.com\/index.php\/2018\/06\/23\/empresas-y-comercios-entrerrianos-tambien-se-adhieren-al-persianazo-del-lunes\/","title":{"rendered":"Empresas y comercios entrerrianos tambi\u00e9n se adhieren al \u201cpersianazo\u201d del lunes"},"content":{"rendered":"<p><em><strong>El titular de la filial entrerriana de la Asamblea de Peque\u00f1os y Medianos Empresarios (Apyme), Manuel Gab\u00e1s, afirm\u00f3 que este lunes se adherir\u00e1n al denominado \u201cpersianazo\u201d, una protesta que impulsa el sector para sumarse al paro sindical y hacer ver la cr\u00edtica situaci\u00f3n por la que atraviesa el sector<\/strong><\/em><\/p>\n<p>&nbsp;<\/p>\n<p>&nbsp;<\/p>\n<p>&nbsp;<\/p>\n<p>&nbsp;<\/p>\n<p>&nbsp;<\/p>\n<p>\u201cNos adherimos a la huelga del lunes y haremos un persianazo junto con otras entidades empresariales\u201d, se\u00f1al\u00f3 Gab\u00e1s, quien indic\u00f3 que se est\u00e1 convocando a sumarse a la huelga a otros sectores para \u201cfacilitar la participaci\u00f3n de los asalariados, que es el sector m\u00e1s perjudicado de este modelo econ\u00f3mico\u201d.<\/p>\n<p>&nbsp;<\/p>\n<p>\u201cEntendemos que el Estado debe priorizar el desarrollo del mercado interno, de la industria nacional y de la soberan\u00eda econ\u00f3mica\u201d, asever\u00f3 Gab\u00e1s, quien sostuvo que el sector tambi\u00e9n rechaza \u201cel acuerdo con el FMI\u201d.<\/p>\n<p>&nbsp;<\/p>\n<p>\u201cEl sector est\u00e1 atravesando por un momento cr\u00edtico: son muchas las empresas que tienen las cuentas confiscadas por la AFIP porque no haber podido pagar y que tienen cr\u00e9ditos en mora\u201d, manifest\u00f3 y consider\u00f3 que \u201cel tema no se resuelve con establecer un valor determinado para el d\u00f3lar, sino con pol\u00edticas activas que promuevan el desarrollo del mercado interno\u201d.<\/p>\n<p>&nbsp;<\/p>\n<p>&nbsp;<\/p>\n<p><strong>Documento<\/strong><\/p>\n<p>Con el t\u00edtulo \u201cPersianazo Pyme\u201d, la Asociaci\u00f3n de Peque\u00f1as y Medianas Empresas (Apyme) emiti\u00f3 un documento en el que explica las razones su adhesi\u00f3n al paro de este lunes:<\/p>\n<p>&nbsp;<\/p>\n<p>\u201cEl lunes 25 de junio, en el marco del paro nacional de actividades decretado por las centrales obreras, las entidades Pymes que firmamos al pie hemos decidido plegarnos a las medidas que interrumpir\u00e1n la labor diaria\u201d.<\/p>\n<p>&nbsp;<\/p>\n<p>\u201cLa iniciativa se acord\u00f3 con el objetivo de reclamar por un nuevo modelo econ\u00f3mico nacional, que defienda las industrias y revalorice el mercado interno como motor de desarrollo econ\u00f3mico\u201d.<\/p>\n<p>&nbsp;<\/p>\n<p>\u201cBajo el lema \u2018Persianazo\u2019, los pymes cesaremos nuestras actividades diarias y acompa\u00f1aremos la medida de fuerza adoptada originalmente por nuestros trabajadores\u201d.<\/p>\n<p>&nbsp;<\/p>\n<p>\u201cEl sector Pyme emplea cerca del 80 por ciento del universo laboral privado. Las decisiones econ\u00f3micas del Gobierno, los tarifazos y el acuerdo con el FMI, del cual sabemos que es la entidad responsable de la pobreza de los pueblos, destruyen el entramado productivo Pyme. Esto impacta tambi\u00e9n de manera directa contra l@s trabajador@s y empeora a\u00fan m\u00e1s la ya complicada situaci\u00f3n social que estamos atravesando\u201d.<\/p>\n<p>&nbsp;<\/p>\n<p>\u201cEste 25 de junio seguimos exigiendo un cambio de rumbo en la pol\u00edtica industrial en particular, y econ\u00f3mica en general\u201d.<\/p>\n<p>&nbsp;<\/p>\n<p>\u201cDesde esta alianza estrat\u00e9gica entre Producci\u00f3n y Trabajo exigimos al Estado que se haga cargo de su rol en la defensa de la Industria Nacional y el Trabajo de los argentinos\u201d, se\u00f1ala el documento que suscriben Apyme. Asociaci\u00f3n Pyme, Empresarios Nacionales, Agrupaci\u00f3n Gelbard, CEEN y Frente Productivo.<\/p>\n","protected":false},"excerpt":{"rendered":"<p>El titular de la filial entrerriana de la Asamblea de Peque\u00f1os y Medianos Empresarios (Apyme), Manuel Gab\u00e1s, afirm\u00f3 que este lunes se adherir\u00e1n al denominado \u201cpersianazo\u201d, una protesta que impulsa el sector para sumarse al paro sindical y hacer ver la cr\u00edtica situaci\u00f3n por la que atraviesa el sector &nbsp; &nbsp; &nbsp; &nbsp; &nbsp; \u201cNos adherimos a la huelga del lunes y haremos un persianazo junto con otras entidades empresariales\u201d, se\u00f1al\u00f3 Gab\u00e1s, quien indic\u00f3 que se est\u00e1 convocando a sumarse a la huelga a otros sectores para \u201cfacilitar la participaci\u00f3n&#8230;<\/p>\n","protected":false},"author":3,"featured_media":28966,"comment_status":"closed","ping_status":"closed","sticky":false,"template":"","format":"standard","meta":[],"categories":[9,15],"tags":[],"_links":{"self":[{"href":"https:\/\/www.actualidadadiario.com\/index.php\/wp-json\/wp\/v2\/posts\/28965"}],"collection":[{"href":"https:\/\/www.actualidadadiario.com\/index.php\/wp-json\/wp\/v2\/posts"}],"about":[{"href":"https:\/\/www.actualidadadiario.com\/index.php\/wp-json\/wp\/v2\/types\/post"}],"author":[{"embeddable":true,"href":"https:\/\/www.actualidadadiario.com\/index.php\/wp-json\/wp\/v2\/users\/3"}],"replies":[{"embeddable":true,"href":"https:\/\/www.actualidadadiario.com\/index.php\/wp-json\/wp\/v2\/comments?post=28965"}],"version-history":[{"count":1,"href":"https:\/\/www.actualidadadiario.com\/index.php\/wp-json\/wp\/v2\/posts\/28965\/revisions"}],"predecessor-version":[{"id":28967,"href":"https:\/\/www.actualidadadiario.com\/index.php\/wp-json\/wp\/v2\/posts\/28965\/revisions\/28967"}],"wp:featuredmedia":[{"embeddable":true,"href":"https:\/\/www.actualidadadiario.com\/index.php\/wp-json\/wp\/v2\/media\/28966"}],"wp:attachment":[{"href":"https:\/\/www.actualidadadiario.com\/index.php\/wp-json\/wp\/v2\/media?parent=28965"}],"wp:term":[{"taxonomy":"category","embeddable":true,"href":"https:\/\/www.actualidadadiario.com\/index.php\/wp-json\/wp\/v2\/categories?post=28965"},{"taxonomy":"post_tag","embeddable":true,"href":"https:\/\/www.actualidadadiario.com\/index.php\/wp-json\/wp\/v2\/tags?post=28965"}],"curies":[{"name":"wp","href":"https:\/\/api.w.org\/{rel}","templated":true}]}}