{"id":28962,"date":"2018-06-23T13:20:28","date_gmt":"2018-06-23T16:20:28","guid":{"rendered":"https:\/\/www.actualidadadiario.com\/?p=28962"},"modified":"2018-11-06T19:43:26","modified_gmt":"2018-11-06T22:43:26","slug":"la-defensa-de-varisco-presentara-la-apelacion-al-procesamiento-el-lunes","status":"publish","type":"post","link":"https:\/\/www.actualidadadiario.com\/index.php\/2018\/06\/23\/la-defensa-de-varisco-presentara-la-apelacion-al-procesamiento-el-lunes\/","title":{"rendered":"La defensa de Varisco presentar\u00e1 la apelaci\u00f3n al procesamiento el lunes"},"content":{"rendered":"<p><em><strong>Rub\u00e9n Pagliotto, abogado defensor del intendente Sergio Varisco, anticip\u00f3 que utilizar\u00e1n el plazo de gracia legal que les da tiempo hasta el lunes a las 9 de la ma\u00f1ana para presentar el recurso de apelaci\u00f3n al procesamiento del mandatario local en la causa por narcotr\u00e1fico<\/strong><\/em><\/p>\n<p>&nbsp;<\/p>\n<p>&nbsp;<\/p>\n<p>&nbsp;<\/p>\n<p>&nbsp;<\/p>\n<p>&nbsp;<\/p>\n<p>La apelaci\u00f3n se presentar\u00e1 \u201cel lunes, antes de las 9 de la ma\u00f1ana\u201d, indic\u00f3 Pagliotto, quien junto a Miguel Cullen y Mariano C\u00faneo Libarona integra la defensa t\u00e9cnica del intendente de Paran\u00e1 en la causa \u201cCelis, Daniel Andr\u00e9s y otros s\/infracci\u00f3n ley 23.737.<\/p>\n<p>&nbsp;<\/p>\n<p>El juez interviniente en la causa, que dict\u00f3 el auto de procesamiento el pasado 18 de junio, hab\u00eda rechazado el 20 de junio el pedido de los defensores del mandatario local de suspender los plazos de la apelaci\u00f3n, lo que les hubiera otorgado un t\u00e9rmino mayor para interponer el recurso.<\/p>\n","protected":false},"excerpt":{"rendered":"<p>Rub\u00e9n Pagliotto, abogado defensor del intendente Sergio Varisco, anticip\u00f3 que utilizar\u00e1n el plazo de gracia legal que les da tiempo hasta el lunes a las 9 de la ma\u00f1ana para presentar el recurso de apelaci\u00f3n al procesamiento del mandatario local en la causa por narcotr\u00e1fico &nbsp; &nbsp; &nbsp; &nbsp; &nbsp; La apelaci\u00f3n se presentar\u00e1 \u201cel lunes, antes de las 9 de la ma\u00f1ana\u201d, indic\u00f3 Pagliotto, quien junto a Miguel Cullen y Mariano C\u00faneo Libarona integra la defensa t\u00e9cnica del intendente de Paran\u00e1 en la causa \u201cCelis, Daniel Andr\u00e9s y otros&#8230;<\/p>\n","protected":false},"author":3,"featured_media":28963,"comment_status":"closed","ping_status":"closed","sticky":false,"template":"","format":"standard","meta":[],"categories":[15],"tags":[],"_links":{"self":[{"href":"https:\/\/www.actualidadadiario.com\/index.php\/wp-json\/wp\/v2\/posts\/28962"}],"collection":[{"href":"https:\/\/www.actualidadadiario.com\/index.php\/wp-json\/wp\/v2\/posts"}],"about":[{"href":"https:\/\/www.actualidadadiario.com\/index.php\/wp-json\/wp\/v2\/types\/post"}],"author":[{"embeddable":true,"href":"https:\/\/www.actualidadadiario.com\/index.php\/wp-json\/wp\/v2\/users\/3"}],"replies":[{"embeddable":true,"href":"https:\/\/www.actualidadadiario.com\/index.php\/wp-json\/wp\/v2\/comments?post=28962"}],"version-history":[{"count":1,"href":"https:\/\/www.actualidadadiario.com\/index.php\/wp-json\/wp\/v2\/posts\/28962\/revisions"}],"predecessor-version":[{"id":28964,"href":"https:\/\/www.actualidadadiario.com\/index.php\/wp-json\/wp\/v2\/posts\/28962\/revisions\/28964"}],"wp:featuredmedia":[{"embeddable":true,"href":"https:\/\/www.actualidadadiario.com\/index.php\/wp-json\/wp\/v2\/media\/28963"}],"wp:attachment":[{"href":"https:\/\/www.actualidadadiario.com\/index.php\/wp-json\/wp\/v2\/media?parent=28962"}],"wp:term":[{"taxonomy":"category","embeddable":true,"href":"https:\/\/www.actualidadadiario.com\/index.php\/wp-json\/wp\/v2\/categories?post=28962"},{"taxonomy":"post_tag","embeddable":true,"href":"https:\/\/www.actualidadadiario.com\/index.php\/wp-json\/wp\/v2\/tags?post=28962"}],"curies":[{"name":"wp","href":"https:\/\/api.w.org\/{rel}","templated":true}]}}