{"id":28959,"date":"2018-06-23T13:19:54","date_gmt":"2018-06-23T16:19:54","guid":{"rendered":"https:\/\/www.actualidadadiario.com\/?p=28959"},"modified":"2018-11-06T19:43:26","modified_gmt":"2018-11-06T22:43:26","slug":"el-debate-por-la-reforma-politica-continuara-este-martes-en-el-senado","status":"publish","type":"post","link":"https:\/\/www.actualidadadiario.com\/index.php\/2018\/06\/23\/el-debate-por-la-reforma-politica-continuara-este-martes-en-el-senado\/","title":{"rendered":"El debate por la reforma pol\u00edtica continuar\u00e1 este martes en el Senado"},"content":{"rendered":"<p><em><strong>Luego de las exposiciones realizadas por los partidos pol\u00edticos, este martes continuar\u00e1 el debate por la reforma pol\u00edtica impulsada por el Ejecutivo provincial. La Comisi\u00f3n de Asuntos Constitucionales y Acuerdos fue convocada en conjunto con la de Legislaci\u00f3n General a partir de las 19 en la sala de Reuniones del Honorable Senado<\/strong><\/em><\/p>\n<p>&nbsp;<\/p>\n<p>&nbsp;<\/p>\n<p>&nbsp;<\/p>\n<p>&nbsp;<\/p>\n<p>Convocados por el Senado, representantes de partidos pol\u00edticos provinciales expusieron su opini\u00f3n acerca del proyecto de ley que propone, entre otras modificaciones, la implementaci\u00f3n de la Boleta \u00fanica Papel y el desdoblamiento de las elecciones.<\/p>\n<p>&nbsp;<\/p>\n<p>Seg\u00fan confirm\u00f3 el senador Raymundo Kisser, los miembros de la comisi\u00f3n de Asuntos Constitucionales y Acuerdos fueron convocados en conjunto con los de Legislaci\u00f3n General para el pr\u00f3ximo martes a partir de las 19 para continuar con el debate.<\/p>\n<p>&nbsp;<\/p>\n<p>El legislador adelant\u00f3 que algunos partidos vecinalistas est\u00e1n interesados en emitir su opini\u00f3n respecto del proyecto de reforma electoral, por lo que estim\u00f3 podr\u00edan participar de esta reuni\u00f3n.<\/p>\n<p>&nbsp;<\/p>\n<p>En este sentido, asegur\u00f3: \u201cHab\u00edamos acordado que si -eventualmente- alguna ONG relacionada al mundo de la pol\u00edtica quer\u00eda dar su opini\u00f3n acerca del proyecto, \u00edbamos a escucharlos, as\u00ed como tambi\u00e9n a c\u00e1tedras universitarias que est\u00e9n interesadas\u201d.<\/p>\n","protected":false},"excerpt":{"rendered":"<p>Luego de las exposiciones realizadas por los partidos pol\u00edticos, este martes continuar\u00e1 el debate por la reforma pol\u00edtica impulsada por el Ejecutivo provincial. La Comisi\u00f3n de Asuntos Constitucionales y Acuerdos fue convocada en conjunto con la de Legislaci\u00f3n General a partir de las 19 en la sala de Reuniones del Honorable Senado &nbsp; &nbsp; &nbsp; &nbsp; Convocados por el Senado, representantes de partidos pol\u00edticos provinciales expusieron su opini\u00f3n acerca del proyecto de ley que propone, entre otras modificaciones, la implementaci\u00f3n de la Boleta \u00fanica Papel y el desdoblamiento de las&#8230;<\/p>\n","protected":false},"author":3,"featured_media":28960,"comment_status":"closed","ping_status":"closed","sticky":false,"template":"","format":"standard","meta":[],"categories":[15],"tags":[],"_links":{"self":[{"href":"https:\/\/www.actualidadadiario.com\/index.php\/wp-json\/wp\/v2\/posts\/28959"}],"collection":[{"href":"https:\/\/www.actualidadadiario.com\/index.php\/wp-json\/wp\/v2\/posts"}],"about":[{"href":"https:\/\/www.actualidadadiario.com\/index.php\/wp-json\/wp\/v2\/types\/post"}],"author":[{"embeddable":true,"href":"https:\/\/www.actualidadadiario.com\/index.php\/wp-json\/wp\/v2\/users\/3"}],"replies":[{"embeddable":true,"href":"https:\/\/www.actualidadadiario.com\/index.php\/wp-json\/wp\/v2\/comments?post=28959"}],"version-history":[{"count":1,"href":"https:\/\/www.actualidadadiario.com\/index.php\/wp-json\/wp\/v2\/posts\/28959\/revisions"}],"predecessor-version":[{"id":28961,"href":"https:\/\/www.actualidadadiario.com\/index.php\/wp-json\/wp\/v2\/posts\/28959\/revisions\/28961"}],"wp:featuredmedia":[{"embeddable":true,"href":"https:\/\/www.actualidadadiario.com\/index.php\/wp-json\/wp\/v2\/media\/28960"}],"wp:attachment":[{"href":"https:\/\/www.actualidadadiario.com\/index.php\/wp-json\/wp\/v2\/media?parent=28959"}],"wp:term":[{"taxonomy":"category","embeddable":true,"href":"https:\/\/www.actualidadadiario.com\/index.php\/wp-json\/wp\/v2\/categories?post=28959"},{"taxonomy":"post_tag","embeddable":true,"href":"https:\/\/www.actualidadadiario.com\/index.php\/wp-json\/wp\/v2\/tags?post=28959"}],"curies":[{"name":"wp","href":"https:\/\/api.w.org\/{rel}","templated":true}]}}