{"id":28956,"date":"2018-06-23T13:18:39","date_gmt":"2018-06-23T16:18:39","guid":{"rendered":"https:\/\/www.actualidadadiario.com\/?p=28956"},"modified":"2018-11-06T19:43:26","modified_gmt":"2018-11-06T22:43:26","slug":"la-ley-de-comunas-fue-debatida-en-la-region-norte-de-entre-rios","status":"publish","type":"post","link":"https:\/\/www.actualidadadiario.com\/index.php\/2018\/06\/23\/la-ley-de-comunas-fue-debatida-en-la-region-norte-de-entre-rios\/","title":{"rendered":"La Ley de Comunas fue debatida en la regi\u00f3n Norte de Entre R\u00edos"},"content":{"rendered":"<p><em><strong>Se realiz\u00f3 este viernes en Federal la primera reuni\u00f3n territorial en el marco del debate de la Ley de Comunas llevada adelante por la comisi\u00f3n bicameral. Participaron las 57 juntas de gobierno de los departamentos Federaci\u00f3n, Federal, Feliciano, Concordia y La Paz<\/strong><\/em><\/p>\n<p>&nbsp;<\/p>\n<p>&nbsp;<\/p>\n<p>&nbsp;<\/p>\n<p>&nbsp;<\/p>\n<p>La ministra de Gobierno, Rosario Romero, acompa\u00f1\u00f3 el debate que se realiz\u00f3 en el Centro Municipal de Cultura, Roberto Aizenberg. \u201cEs un proyecto de regulaci\u00f3n de las comunas que previ\u00f3 la Constituci\u00f3n reformada en 2008, que si todo anda bien, va a tener sanci\u00f3n este a\u00f1o. Se est\u00e1 trabajando con una metodolog\u00eda de intercambio con los presidentes de juntas. Ese modo participativo sin duda har\u00e1 que el proyecto que envi\u00f3 el Ejecutivo sea mejorado con los aportes de las distintas comunidades\u201d, subray\u00f3 la ministra.<\/p>\n<p>&nbsp;<\/p>\n<p>En este marco, Romero agreg\u00f3: \u201cLa intenci\u00f3n es que las juntas vayan avanzando en conquistas de derechos, mayor autonom\u00eda y mayor atenci\u00f3n para sus vecinos. Uno de los patrimonios que tiene Entre R\u00edos es su buena distribuci\u00f3n poblacional y esta ley viene a enriquecerlo. Esto tambi\u00e9n favorece la calidad de vida de los vecinos en cuanto a tratamiento de los residuos, cuestiones ambientales en general, normas y pautas de convivencia\u201d.<\/p>\n<p>&nbsp;<\/p>\n<p>La Ley de Comunas regular\u00e1 el art\u00edculo 253 de la Constituci\u00f3n provincial, reglamentando el r\u00e9gimen de las comunas y determinando su circunscripci\u00f3n territorial y categor\u00edas. Asegurando as\u00ed, su organizaci\u00f3n bajo los principios del sistema democr\u00e1tico.<\/p>\n<p>&nbsp;<\/p>\n<p>A su tiempo, el diputado provincial Diego Lara, presidente de la comisi\u00f3n de Legislaci\u00f3n General, explic\u00f3: \u201cRealizamos esta jornada integrada con diferentes estamentos del Poder Ejecutivo, el \u00e1rea de Econom\u00eda, el Ministerio de Gobierno, Planificaci\u00f3n, Ambiente, Vialidad, Educaci\u00f3n y Salud, para que todos puedan aportar a una ley tan importante para que las juntas de gobierno pasen a transformarse en comunas. Probablemente no todo el universo de las 196 juntas, pero s\u00ed una gran parte de ellas que van a tener una autonom\u00eda con reconocimiento presupuestario\u201d.<\/p>\n<p>&nbsp;<\/p>\n<p>Por su parte, el senador provincial Lucas Larrarte remarc\u00f3: \u201cEste es el primero de tres encuentro que vamos a realizar, se ha dividido la provincia en tres regiones. Esperamos contar con la presencia de todas las juntas de gobierno, para tratar y conversar sobre esta ley que va tener efectos muy pr\u00e1cticos para la gente que vive en los territorios y para quienes administran los recursos. Son cambios muy importantes y que van a tener que ser graduales\u201d.<\/p>\n<p>&nbsp;<\/p>\n<p>Por su parte, el presidente municipal de Federal, Gerardo Chapino, agradeci\u00f3 a los funcionarios y legisladores provinciales \u201cpor elegir esta ciudad como centro de encuentro para este debate. Necesitamos una ley que d\u00e9 respuestas a las juntas y \u00e9sta es una jornada propicia para eso, en el marco del respeto y la cordialidad\u201d.<\/p>\n<p>&nbsp;<\/p>\n<p>Asimismo, la senadora provincial por Federal, Nancy Miranda, remarc\u00f3 la importancia de trabajar articuladamente con todas las instituciones que hacen al d\u00eda a d\u00eda de las juntas de gobierno. \u201cAgradezco y siento orgullo por mis colegas legisladores de que est\u00e9n hoy ac\u00e1 debatiendo una ley tan importante para las juntas. Nada m\u00e1s que agradecer a la comisi\u00f3n bicameral y funcionarios\u201d, manifest\u00f3.<\/p>\n<p>&nbsp;<\/p>\n<p>El secretario de Relaciones Institucionales del Ministerio de Gobierno, Germ\u00e1n Gran\u00e9, resalt\u00f3: \u201cEs importante la decisi\u00f3n del gobernador de dar un paso hacia el beneficio de los entrerrianos y sobre todo para el interior profundo de nuestra provincia. Es una decisi\u00f3n pol\u00edtica que va a transformar y dotar de herramientas a los gobiernos locales para dar respuestas a las necesidades de los vecinos\u201d.<\/p>\n<p>&nbsp;<\/p>\n<p>\u201cQuiero hacer referencia a los presidentes de juntas, que son quienes ponen el pecho a la situaci\u00f3n y que hoy, con escasos recursos, est\u00e1n llevando adelante sus gestiones de gobierno. Creo que abrir el debate hacia una ley de comunas tiene que ver con una reivindicaci\u00f3n de derechos para todos ellos, como as\u00ed tambi\u00e9n con el cumplimiento de la enmienda constitucional del 2008\u201d, remarc\u00f3 al finalizar el director de Juntas de Gobierno, Mauro D\u00edaz Chaves.<\/p>\n<p>&nbsp;<\/p>\n<p>Participaron tambi\u00e9n, la senadora provincial, Miriam Espinoza; los diputados provinciales Juan Navarro, Mar\u00eda Toller, Gustavo Zavallo, Raul Riganti, Joaquin La Madrid, Gabriela Lena, Silvio Valenzuela, Ester Gonz\u00e1lez, Mar\u00eda Elena Tassistro y Juan Carlos Darrich\u00f3n; miembros de fuerzas de seguridad, representantes de departamentales de escuelas, funcionarios provinciales y departamentales, intendentes y miembros de organizaciones civiles.<\/p>\n","protected":false},"excerpt":{"rendered":"<p>Se realiz\u00f3 este viernes en Federal la primera reuni\u00f3n territorial en el marco del debate de la Ley de Comunas llevada adelante por la comisi\u00f3n bicameral. Participaron las 57 juntas de gobierno de los departamentos Federaci\u00f3n, Federal, Feliciano, Concordia y La Paz &nbsp; &nbsp; &nbsp; &nbsp; La ministra de Gobierno, Rosario Romero, acompa\u00f1\u00f3 el debate que se realiz\u00f3 en el Centro Municipal de Cultura, Roberto Aizenberg. \u201cEs un proyecto de regulaci\u00f3n de las comunas que previ\u00f3 la Constituci\u00f3n reformada en 2008, que si todo anda bien, va a tener sanci\u00f3n&#8230;<\/p>\n","protected":false},"author":3,"featured_media":28957,"comment_status":"closed","ping_status":"closed","sticky":false,"template":"","format":"standard","meta":[],"categories":[15],"tags":[],"_links":{"self":[{"href":"https:\/\/www.actualidadadiario.com\/index.php\/wp-json\/wp\/v2\/posts\/28956"}],"collection":[{"href":"https:\/\/www.actualidadadiario.com\/index.php\/wp-json\/wp\/v2\/posts"}],"about":[{"href":"https:\/\/www.actualidadadiario.com\/index.php\/wp-json\/wp\/v2\/types\/post"}],"author":[{"embeddable":true,"href":"https:\/\/www.actualidadadiario.com\/index.php\/wp-json\/wp\/v2\/users\/3"}],"replies":[{"embeddable":true,"href":"https:\/\/www.actualidadadiario.com\/index.php\/wp-json\/wp\/v2\/comments?post=28956"}],"version-history":[{"count":1,"href":"https:\/\/www.actualidadadiario.com\/index.php\/wp-json\/wp\/v2\/posts\/28956\/revisions"}],"predecessor-version":[{"id":28958,"href":"https:\/\/www.actualidadadiario.com\/index.php\/wp-json\/wp\/v2\/posts\/28956\/revisions\/28958"}],"wp:featuredmedia":[{"embeddable":true,"href":"https:\/\/www.actualidadadiario.com\/index.php\/wp-json\/wp\/v2\/media\/28957"}],"wp:attachment":[{"href":"https:\/\/www.actualidadadiario.com\/index.php\/wp-json\/wp\/v2\/media?parent=28956"}],"wp:term":[{"taxonomy":"category","embeddable":true,"href":"https:\/\/www.actualidadadiario.com\/index.php\/wp-json\/wp\/v2\/categories?post=28956"},{"taxonomy":"post_tag","embeddable":true,"href":"https:\/\/www.actualidadadiario.com\/index.php\/wp-json\/wp\/v2\/tags?post=28956"}],"curies":[{"name":"wp","href":"https:\/\/api.w.org\/{rel}","templated":true}]}}